{"id":6368,"date":"2013-08-29T14:33:37","date_gmt":"2013-08-29T12:33:37","guid":{"rendered":"https:\/\/www.azubister.de\/magazin\/?p=6368"},"modified":"2023-03-28T11:36:18","modified_gmt":"2023-03-28T09:36:18","slug":"ausbildung-aok-niedersachsen","status":"publish","type":"post","link":"https:\/\/www.azubister.de\/magazin\/artikel\/ausbildung-aok-niedersachsen","title":{"rendered":"Interview: Ausbildung als Sozialversicherungsfachangestellte bei der AOK Niedersachsen"},"content":{"rendered":"\n<figure class=\"wp-block-image size-large\"><img loading=\"lazy\" width=\"960\" height=\"640\" src=\"https:\/\/www.azubister.de\/magazin\/wp-content\/uploads\/2013\/08\/Ausbildung-als-Sozialversicherungsfachangestellte-AOK-Unsplash-960x640.jpg\" alt=\"2 Frauen mit hellen Blusen sitzen an grauem Tisch und lehnen sich \u00fcber Papiere\" class=\"wp-image-9162\" srcset=\"https:\/\/www.azubister.de\/magazin\/wp-content\/uploads\/2013\/08\/Ausbildung-als-Sozialversicherungsfachangestellte-AOK-Unsplash-960x640.jpg 960w, https:\/\/www.azubister.de\/magazin\/wp-content\/uploads\/2013\/08\/Ausbildung-als-Sozialversicherungsfachangestellte-AOK-Unsplash-300x200.jpg 300w, https:\/\/www.azubister.de\/magazin\/wp-content\/uploads\/2013\/08\/Ausbildung-als-Sozialversicherungsfachangestellte-AOK-Unsplash-768x512.jpg 768w, https:\/\/www.azubister.de\/magazin\/wp-content\/uploads\/2013\/08\/Ausbildung-als-Sozialversicherungsfachangestellte-AOK-Unsplash-95x63.jpg 95w, https:\/\/www.azubister.de\/magazin\/wp-content\/uploads\/2013\/08\/Ausbildung-als-Sozialversicherungsfachangestellte-AOK-Unsplash-220x148.jpg 220w, https:\/\/www.azubister.de\/magazin\/wp-content\/uploads\/2013\/08\/Ausbildung-als-Sozialversicherungsfachangestellte-AOK-Unsplash-490x327.jpg 490w, https:\/\/www.azubister.de\/magazin\/wp-content\/uploads\/2013\/08\/Ausbildung-als-Sozialversicherungsfachangestellte-AOK-Unsplash-150x100.jpg 150w, https:\/\/www.azubister.de\/magazin\/wp-content\/uploads\/2013\/08\/Ausbildung-als-Sozialversicherungsfachangestellte-AOK-Unsplash-216x144.jpg 216w, https:\/\/www.azubister.de\/magazin\/wp-content\/uploads\/2013\/08\/Ausbildung-als-Sozialversicherungsfachangestellte-AOK-Unsplash-640x427.jpg 640w, https:\/\/www.azubister.de\/magazin\/wp-content\/uploads\/2013\/08\/Ausbildung-als-Sozialversicherungsfachangestellte-AOK-Unsplash.jpg 1200w\" sizes=\"(max-width: 960px) 100vw, 960px\" \/><figcaption><em>Die Ausbildung zur Sozialversicherungsfachangestellten &#8211; Foto: unsplash.com<\/em><\/figcaption><\/figure>\n\n\n<p>Frederike macht eine Ausbildung zur Sozialversicherungsfachangestellten bei der AOK Niedersachsen. Im Interview erz\u00e4hlt sie <strong><span style=\"color: #333399;\">azubister<\/span><\/strong> \u00fcber ihre Ausbildung und ihren Ausbildungsbetrieb. Auch ein paar Tipps hat sie uns mit auf den Weg gegeben.<\/p>\n<h3>Die Ausbildung zur Sozialversicherungsfachangestellen ist sehr abwechslungsreich<\/h3>\n<p><span style=\"color: #333399;\"><strong>azubister<\/strong><\/span>: Wie hast du dich als Sch\u00fcler \u00fcber Ausbildungen informiert?<\/p>\n<p><strong>Frederike<\/strong>: Ich war zum einen mit meiner damaligen Schulklasse im Berufsinformationszentrum (BIZ) und habe dort einen ersten Einblick \u00fcber die vielen Ausbildungsberufe bekommen. Sp\u00e4ter habe ich mich mit meiner Familie beraten, aber auch mit meinen Freunden, die auch gerade einen Ausbildungsplatz suchten oder schon einen gefunden hatten.<\/p>\n<p><span style=\"color: #333399;\"><strong>azubister<\/strong><\/span>: Gibt es bei der AOK Niedersachsen die M\u00f6glichkeit sich in Form von Praktika o. \u00e4. schon einen ersten Einblick in den Ausbildungsberuf zu verschaffen?<\/p>\n<p><strong>Frederike<\/strong>: Ja, bei der AOK Niedersachsen gibt es die M\u00f6glichkeit sich in Form von z. B. dreiw\u00f6chigen Sch\u00fclerpraktika oder einj\u00e4hrigen Fachoberschulpraktika einen ersten Einblick zu verschaffen. Es gibt aber auch andere M\u00f6glichkeiten die AOK Niedersachsen kennen zu lernen. Zum Beispiel im Rahmen des Zukunftstags oder durch die Mitarbeiter der AOK Niedersachsen direkt vor Ort in den Schulen.<\/p>\n<p><span style=\"color: #333399;\"><strong>azubister<\/strong><\/span>: Wie hast du dich bei der AOK Niedersachsen beworben? Wie lief das Vorstellungsgespr\u00e4ch&nbsp;ab?<\/p>\n<p><strong>Frederike<\/strong>: Ich habe mich zun\u00e4chst online bei der AOK Niedersachsen als Sozialversicherungsfachangestellte beworben und sp\u00e4ter meine schriftliche Bewerbung&nbsp;eingereicht. Nachdem ich den schriftlichen Einstellungstest bestanden hatte wurde ich zum Assessment-Center eingeladen. Diese Veranstaltung ging einen ganzen Tag lang und unter anderem war auch das klassische Vorstellungsgespr\u00e4ch dabei. Das Assessment-Center begann mit einer Portion Nervosit\u00e4t im Bauch. Durch die angenehme Atmosph\u00e4re und die Begleitung durch aktuelle AOK-Auszubildende verliefen die darauf folgenden Gespr\u00e4che sehr angenehm.<\/p>\n<p><span style=\"color: #333399;\"><strong>azubister<\/strong><\/span>: Warum die <a href=\"https:\/\/www.azubister.de\/ausbildung\/sozialversicherungsfachangestellter\">Ausbildung zur Sozialversicherungsfachangestellten<\/a>? Was war bei der Berufswahl besonders reizvoll f\u00fcr dich?<\/p>\n<p><strong>Frederike<\/strong>: F\u00fcr mich ist eine abwechslungsreiche Ausbildung sehr wichtig. Als Sozialversicherungsfachangestellte steht der Kundenkontakt an erster Stelle. Ob pers\u00f6nlich zu Hause, in den Betrieben oder in den 120 Servicezentren der AOK Niedersachsen. Dabei erg\u00e4nzen sich die konsequente Abarbeitung formaler Vorg\u00e4nge und der Kundenkontakt sehr gut. Gerade diese Kombination von Kundenkontakt und der klassischen B\u00fcroarbeit war f\u00fcr mich sehr wichtig und ausschlaggebend f\u00fcr meine Bewerbung als Sozialversicherungsfachangestellte.<\/p>\n<h3>AOK Niedersachen &#8211; einer der gr\u00f6\u00dften Arbeitgeber in Niedersachsen<\/h3>\n<p><span style=\"color: #333399;\"><strong>azubister<\/strong><\/span>: Wieso hast du dich f\u00fcr eine Ausbildung bei der AOK Niedersachsen entschieden?<\/p>\n<p><strong>Frederike<\/strong>: Die AOK Niedersachsen geh\u00f6rt zu den gr\u00f6\u00dften Arbeitgebern in Niedersachsen und steht f\u00fcr eine sehr gute Ausbildung und Sicherheit. Dies hat mich \u00fcberzeugt und ich habe mich beworben.<\/p>\n<p><span style=\"color: #333399;\"><strong>azubister<\/strong><\/span>: Was macht in der Ausbildung besonders Spa\u00df?<\/p>\n<p><strong>Frederike<\/strong>: Die Ausbildung zur Sozialversicherungsfachangestellten ist sehr abwechslungsreich und es wird nie langweilig. Die dreij\u00e4hrige Ausbildung unterteilt sich in die betriebliche, fachpraktische und schulische Ausbildung. Im Betrieb durchlaufen wir einmal alle Fachbereiche und erhalten somit einen umfassenden Einblick in die unterschiedlichen Aufgabenfelder. Die fachpraktische Ausbildung spiegelt sich in Form von Lehrg\u00e4ngen wieder, wo die verschieden Themenpunkte anhand der Gesetze vertieft werden. Gerade die Verkn\u00fcpfung von Theorie und Praxis bereitet mir viel Freude. Besonders viel Spa\u00df macht mir die Vorbereitung auf die Kundenberatung.<\/p>\n<p><span style=\"color: #333399;\"><strong>azubister<\/strong><\/span>: Warum bist du gerne im Unternehmen? Was ist das Besondere an der Ausbildung bei der AOK Niedersachsen?<\/p>\n<p><strong>Frederike<\/strong>: Ich arbeite sehr gerne bei der AOK Niedersachsen, weil man direkt in das Team integriert wird und viele Aufgaben eigenst\u00e4ndig und eigenverantwortlich erledigen kann.<\/p>\n<p><span style=\"color: #333399;\"><strong>azubister<\/strong><\/span>: Was w\u00fcrdest du Bewerbern empfehlen, die sich bei der AOK Niedersachsen f\u00fcr eine Ausbildung bewerben m\u00f6chten?<\/p>\n<p><strong>Frederike<\/strong>: Ich kann die Ausbildung zum Sozialversicherungsfachangestellten bei der AOK Niedersachsen jedem empfehlen. Wer Freude am Umgang mit Menschen hat und sich auch nicht scheut tatkr\u00e4ftig mit dem Sozialgesetzbuch zu arbeiten ist hier genau richtig. Einfach freundlich, offen und nat\u00fcrlich bleiben.<\/p>\n<p><span style=\"color: #333399;\"><strong>azubister<\/strong><\/span>: 3 Worte, mit denen du deine Ausbildung zusammenfassen kannst?<\/p>\n<p><strong>Frederike<\/strong>: Spannend, Abwechslungsreich und Fordernd.<\/p>\n<p>&nbsp;<\/p>","protected":false},"excerpt":{"rendered":"<p>Frederike erz\u00e4hlt \u00fcber ihre Ausbildung zur Sozialversicherungsfachangestellten bei der AOK Niedersachsen.<\/p>\n","protected":false},"author":18,"featured_media":9162,"comment_status":"open","ping_status":"open","sticky":false,"template":"","format":"standard","meta":{"ngg_post_thumbnail":0},"categories":[1],"topic":[938],"jobgroup":[129,127],"city":[],"_links":{"self":[{"href":"https:\/\/www.azubister.de\/magazin\/wp-json\/wp\/v2\/posts\/6368"}],"collection":[{"href":"https:\/\/www.azubister.de\/magazin\/wp-json\/wp\/v2\/posts"}],"about":[{"href":"https:\/\/www.azubister.de\/magazin\/wp-json\/wp\/v2\/types\/post"}],"author":[{"embeddable":true,"href":"https:\/\/www.azubister.de\/magazin\/wp-json\/wp\/v2\/users\/18"}],"replies":[{"embeddable":true,"href":"https:\/\/www.azubister.de\/magazin\/wp-json\/wp\/v2\/comments?post=6368"}],"version-history":[{"count":27,"href":"https:\/\/www.azubister.de\/magazin\/wp-json\/wp\/v2\/posts\/6368\/revisions"}],"predecessor-version":[{"id":10876,"href":"https:\/\/www.azubister.de\/magazin\/wp-json\/wp\/v2\/posts\/6368\/revisions\/10876"}],"wp:featuredmedia":[{"embeddable":true,"href":"https:\/\/www.azubister.de\/magazin\/wp-json\/wp\/v2\/media\/9162"}],"wp:attachment":[{"href":"https:\/\/www.azubister.de\/magazin\/wp-json\/wp\/v2\/media?parent=6368"}],"wp:term":[{"taxonomy":"category","embeddable":true,"href":"https:\/\/www.azubister.de\/magazin\/wp-json\/wp\/v2\/categories?post=6368"},{"taxonomy":"topic","embeddable":true,"href":"https:\/\/www.azubister.de\/magazin\/wp-json\/wp\/v2\/topic?post=6368"},{"taxonomy":"jobgroup","embeddable":true,"href":"https:\/\/www.azubister.de\/magazin\/wp-json\/wp\/v2\/jobgroup?post=6368"},{"taxonomy":"city","embeddable":true,"href":"https:\/\/www.azubister.de\/magazin\/wp-json\/wp\/v2\/city?post=6368"}],"curies":[{"name":"wp","href":"https:\/\/api.w.org\/{rel}","templated":true}]}}