{"id":6351,"date":"2013-09-16T15:17:59","date_gmt":"2013-09-16T13:17:59","guid":{"rendered":"https:\/\/www.azubister.de\/magazin\/?p=6351"},"modified":"2023-12-05T13:39:28","modified_gmt":"2023-12-05T12:39:28","slug":"ausbildung-bruecke-sh","status":"publish","type":"post","link":"https:\/\/www.azubister.de\/magazin\/artikel\/ausbildung-bruecke-sh","title":{"rendered":"Interview: Ausbildung bei der Br\u00fccke Schleswig Holstein"},"content":{"rendered":"\n<figure class=\"wp-block-image size-large\"><img loading=\"lazy\" width=\"960\" height=\"641\" src=\"https:\/\/www.azubister.de\/magazin\/wp-content\/uploads\/2013\/09\/Bru\u0308cke-Schleswig-Holstein-Unsplash-960x641.jpg\" alt=\"Personen arbeiten in B\u00fcro an Computern\" class=\"wp-image-9047\" srcset=\"https:\/\/www.azubister.de\/magazin\/wp-content\/uploads\/2013\/09\/Bru\u0308cke-Schleswig-Holstein-Unsplash-960x641.jpg 960w, https:\/\/www.azubister.de\/magazin\/wp-content\/uploads\/2013\/09\/Bru\u0308cke-Schleswig-Holstein-Unsplash-300x200.jpg 300w, https:\/\/www.azubister.de\/magazin\/wp-content\/uploads\/2013\/09\/Bru\u0308cke-Schleswig-Holstein-Unsplash-768x513.jpg 768w, https:\/\/www.azubister.de\/magazin\/wp-content\/uploads\/2013\/09\/Bru\u0308cke-Schleswig-Holstein-Unsplash-95x63.jpg 95w, https:\/\/www.azubister.de\/magazin\/wp-content\/uploads\/2013\/09\/Bru\u0308cke-Schleswig-Holstein-Unsplash-220x148.jpg 220w, https:\/\/www.azubister.de\/magazin\/wp-content\/uploads\/2013\/09\/Bru\u0308cke-Schleswig-Holstein-Unsplash-490x327.jpg 490w, https:\/\/www.azubister.de\/magazin\/wp-content\/uploads\/2013\/09\/Bru\u0308cke-Schleswig-Holstein-Unsplash-150x100.jpg 150w, https:\/\/www.azubister.de\/magazin\/wp-content\/uploads\/2013\/09\/Bru\u0308cke-Schleswig-Holstein-Unsplash-216x144.jpg 216w, https:\/\/www.azubister.de\/magazin\/wp-content\/uploads\/2013\/09\/Bru\u0308cke-Schleswig-Holstein-Unsplash-640x427.jpg 640w, https:\/\/www.azubister.de\/magazin\/wp-content\/uploads\/2013\/09\/Bru\u0308cke-Schleswig-Holstein-Unsplash.jpg 1200w\" sizes=\"(max-width: 960px) 100vw, 960px\" \/><figcaption><em>Ausbildungen bei der Arbeitsgemeinschaft Br\u00fccke Schleswig Holstein &#8211; Foto: unsplash.com<\/em><\/figcaption><\/figure>\n\n\n<p>Wie spannend eine Ausbildung im sozialen Bereich sein kann, beweist der Ausbildungsbetrieb Br\u00fccke Schleswig-Holstein. Hier steht der Mensch im Mittelpunkt. Im Leitbild hei\u00dft es, &#8220;wir setzen uns mit ganzer Kraft f\u00fcr Frauen und M\u00e4nner mit psychischen und sozialen Beeintr\u00e4chtigungen ein&#8221;. In der t\u00e4glichen Arbeit geht die Br\u00fccke Schleswig Holstein neue Wege und tritt f\u00fcr Verst\u00e4ndnis, Akzeptanz und Chancengleichheit von Menschen ein. <span style=\"color: #333399;\"><strong>azubister<\/strong><\/span> hat sich von Alexandra Schr\u00f6der, Ausbildungskoordinatorin bei der Br\u00fccke SH, sowie den Azubis Melanie und Kevin \u00fcber die Ausbildung bei der Br\u00fccke Schleswig-Holstein berichten lassen.<!--more--><\/p>\n<h3>Ausbildungsbetrieb Br\u00fccke Schleswig-Holstein<\/h3>\n<div id=\"attachment_6360\" class=\"wp-caption alignright\" style=\"width: 220px\"><a href=\"https:\/\/www.azubister.de\/magazin\/wp-content\/uploads\/2013\/08\/IMG_7554a.jpg\"><img loading=\"lazy\" class=\"size-medium wp-image-6360 \" title=\"Team Br\u00fccke SH\" alt=\"Team Br\u00fccke SH\" src=\"https:\/\/www.azubister.de\/magazin\/wp-content\/uploads\/2013\/08\/IMG_7554a-220x300.jpg\" width=\"220\" height=\"300\" srcset=\"https:\/\/www.azubister.de\/magazin\/wp-content\/uploads\/2013\/08\/IMG_7554a-220x300.jpg 220w, https:\/\/www.azubister.de\/magazin\/wp-content\/uploads\/2013\/08\/IMG_7554a-588x800.jpg 588w, https:\/\/www.azubister.de\/magazin\/wp-content\/uploads\/2013\/08\/IMG_7554a-46x63.jpg 46w, https:\/\/www.azubister.de\/magazin\/wp-content\/uploads\/2013\/08\/IMG_7554a-640x870.jpg 640w\" sizes=\"(max-width: 220px) 100vw, 220px\" \/><\/a><p class=\"wp-caption-text\">Br\u00fccke SH \u2013 Ein tolles Team<\/p><\/div>\n<p><span style=\"color: #333399;\"><strong>azubister<\/strong><\/span>: Wann wurde das Unternehmen gegr\u00fcndet?<\/p>\n<p><strong>Alexandra Schr\u00f6der<\/strong>: Die Br\u00fccke Schleswig-Holstein ist im Zuge der deutschen Psychatriereform entstanden. 1984 wurde die &#8220;Arbeitsgemeinschaft Br\u00fccke Schleswig Holstein gGmbH&#8221; gegr\u00fcndet als Zusammenschluss einiger Vereine und des Parit\u00e4tischen Wohlfahrtverbandes. Ziel war es, ein Gegengewicht zu den m\u00e4chtigen etablierten Tr\u00e4gern der Landeskrankenh\u00e4user, zu den Gro\u00dfkliniken und Kostentr\u00e4gern aufzubauen.<\/p>\n<p><span style=\"color: #333399;\"><strong>azubister<\/strong><\/span>: Wieviele Menschen nutzen das Angebot der Br\u00fccke SH?<\/p>\n<p><strong>Alexandra Schr\u00f6der<\/strong>: 2003 wurde das Unternehmen in &#8220;Br\u00fccke Schleswig Holstein gGmbH&#8221; umgenannt. 2009 nutzten mehr als 3.000 Menschen mit seelischen Erkrankungen, psychischen Behinderungen, Erkrankungen durch Suchtmittel-Missbrauch oder sozialen Beeintr\u00e4chtigungen die Leistungen und vielf\u00e4ltigen Angebote der Br\u00fccke SH. Wir besch\u00e4ftigen zurzeit 717 Mitarbeiter und erwirtschaften einen Jahresumsatz von circa 31 Millionen Euro.<\/p>\n<h3>Bewerbung, Vorstellungsgespr\u00e4ch und Ausbildungsalltag<\/h3>\n<p><span style=\"color: #333399;\"><strong>azubister<\/strong><\/span>: Wie habt ihr euch bei der Br\u00fccke SH beworben und wie lief das Vorstellungsgespr\u00e4ch&nbsp;ab?<\/p>\n<div id=\"attachment_6361\" class=\"wp-caption alignright\" style=\"width: 300px\"><a href=\"https:\/\/www.azubister.de\/magazin\/wp-content\/uploads\/2013\/08\/IMG_7451_quadr.jpg\"><img loading=\"lazy\" class=\"size-medium wp-image-6361 \" title=\"Ausbildung B\u00fcrokauffrau\" alt=\"Ausbildung B\u00fcrokauffrau\" src=\"https:\/\/www.azubister.de\/magazin\/wp-content\/uploads\/2013\/08\/IMG_7451_quadr-300x300.jpg\" width=\"300\" height=\"300\" srcset=\"https:\/\/www.azubister.de\/magazin\/wp-content\/uploads\/2013\/08\/IMG_7451_quadr-300x300.jpg 300w, https:\/\/www.azubister.de\/magazin\/wp-content\/uploads\/2013\/08\/IMG_7451_quadr-150x150.jpg 150w, https:\/\/www.azubister.de\/magazin\/wp-content\/uploads\/2013\/08\/IMG_7451_quadr-800x800.jpg 800w, https:\/\/www.azubister.de\/magazin\/wp-content\/uploads\/2013\/08\/IMG_7451_quadr-62x63.jpg 62w, https:\/\/www.azubister.de\/magazin\/wp-content\/uploads\/2013\/08\/IMG_7451_quadr-640x640.jpg 640w, https:\/\/www.azubister.de\/magazin\/wp-content\/uploads\/2013\/08\/IMG_7451_quadr-75x75.jpg 75w\" sizes=\"(max-width: 300px) 100vw, 300px\" \/><\/a><p class=\"wp-caption-text\">In der Ausbildung als B\u00fcrokauffrau arbeitet man bei der Br\u00fccke SH sehr selbstst\u00e4ndig<\/p><\/div>\n<p><strong>Kevin<\/strong>: Ich habe mich&nbsp;<a href=\"https:\/\/www.azubister.de\/magazin\/artikel\/online-bewerbung\" title=\"Online-Bewerbung: Wie bewerbe ich mich online auf einen Ausbildungsplatz?\">online beworben<\/a>.&nbsp;Bei meinem Vorstellungsgespr\u00e4ch haben mich die Abteilungsleiter der Br\u00fccke SH befragt. Sie haben mir diverse Fragen gestellt, wie ich z. B. auf die Br\u00fccke SH gekommen bin und wieso ich mich f\u00fcr den Beruf des B\u00fcrokaufmannes entschieden habe. Es war ein sehr lockeres und freundliches Bewerbungsgespr\u00e4ch.<\/p>\n<p><strong>Melanie<\/strong>: Ich habe mich klassisch mit Bewerbungsmappe beworben. Anschlie\u00dfend habe ich einen Einstellungstest absolviert und danach folgte das Vorstellungsgespr\u00e4ch mit den Abteilungsleitern.<\/p>\n<p><span style=\"color: #333399;\"><strong>azubister<\/strong><\/span>: Was macht euch an der Ausbildung zur B\u00fcrokauffrau\/-mann bei der Br\u00fccke SH besonders Spa\u00df?<\/p>\n<p><strong>Melanie<\/strong>:&nbsp;Besonders Spa\u00df macht mir das haupts\u00e4chlich selbstst\u00e4ndige Arbeiten. Desweiteren finde ich gut, was das Unternehmen tut und wof\u00fcr es einsteht.<\/p>\n<p><strong>Kevin<\/strong>:&nbsp;Die Vielf\u00e4ltigkeit der Abteilungen und das Arbeitsklima sorgen daf\u00fcr, dass man gerne zur Arbeit geht und sich hier auch wohlf\u00fchlt.<\/p>\n<p><span style=\"color: #333399;\"><strong>azubister<\/strong><\/span>: Wie l\u00e4uft so ein klassischer Arbeitstag bei euch in der Ausbildung ab?<\/p>\n<div id=\"attachment_6362\" class=\"wp-caption alignleft\" style=\"width: 300px\"><a href=\"https:\/\/www.azubister.de\/magazin\/wp-content\/uploads\/2013\/08\/IMG_7457_quadr.jpg\"><img loading=\"lazy\" class=\"size-medium wp-image-6362 \" title=\"Ausbildung B\u00fcrokaufmann\" alt=\"Ausbildung B\u00fcrokaufmann\" src=\"https:\/\/www.azubister.de\/magazin\/wp-content\/uploads\/2013\/08\/IMG_7457_quadr-300x300.jpg\" width=\"300\" height=\"300\" srcset=\"https:\/\/www.azubister.de\/magazin\/wp-content\/uploads\/2013\/08\/IMG_7457_quadr-300x300.jpg 300w, https:\/\/www.azubister.de\/magazin\/wp-content\/uploads\/2013\/08\/IMG_7457_quadr-150x150.jpg 150w, https:\/\/www.azubister.de\/magazin\/wp-content\/uploads\/2013\/08\/IMG_7457_quadr-800x800.jpg 800w, https:\/\/www.azubister.de\/magazin\/wp-content\/uploads\/2013\/08\/IMG_7457_quadr-62x63.jpg 62w, https:\/\/www.azubister.de\/magazin\/wp-content\/uploads\/2013\/08\/IMG_7457_quadr-640x640.jpg 640w, https:\/\/www.azubister.de\/magazin\/wp-content\/uploads\/2013\/08\/IMG_7457_quadr-75x75.jpg 75w, https:\/\/www.azubister.de\/magazin\/wp-content\/uploads\/2013\/08\/IMG_7457_quadr.jpg 1750w\" sizes=\"(max-width: 300px) 100vw, 300px\" \/><\/a><p class=\"wp-caption-text\">\u2026auch der Telefondienst geh\u00f6rt dazu.<\/p><\/div>\n<p><strong>Kevin<\/strong>: Wir gehen jeden Arbeitstag in unsere Abteilungen und erledigen die uns zugeteilten Aufgaben wie z. B. Rechnungen verbuchen oder Gesch\u00e4ftsbriefe erstellen. Der Arbeitstag bietet viel Abwechslung und macht eine Menge Spa\u00df.<\/p>\n<p><strong>Melanie<\/strong>: Morgens schaue ich in meinem Fach nach was zu tun ist. Au\u00dferdem kontrolliere ich im Kalender, ob Termine anstehen und lese meine Mails. Ich arbeite selbst\u00e4ndig bis zur Mittagspause, die ich meist mit den anderen Azubis verbringe. Danach geht es zur\u00fcck an meinen Arbeitsplatz bis nachmittags.<\/p>\n<h3>Ausbildung bei der Br\u00fccke SH: &#8220;Etwas ganz Besonderes&#8221;<\/h3>\n<p><span style=\"color: #333399;\"><strong>azubister<\/strong><\/span>: Warum seid ihr gern im Unternehmen Br\u00fccke SH?<\/p>\n<p><strong>Melanie<\/strong>: Ich bin gerne bei der Br\u00fccke SH weil die Ausbildung anspruchsvoll ist und ich viel Unterst\u00fctzung bekomme. Die Ausbildung hat bei der Br\u00fccke einen hohen Stellenwert.<\/p>\n<p><span style=\"color: #333399;\"><strong>azubister<\/strong><\/span>: Noch ein paar Tipps f\u00fcr Bewerber um eine Ausbildung bei der Br\u00fccke SH?<\/p>\n<p><strong>Frau Schr\u00f6der<\/strong>: Bei der&nbsp;Bewerbung auf Vollst\u00e4ndigkeit der Unterlagen, Rechtschreibung und Form achten. Auch ein ansprechendes Bewerbungsfoto ist wichtig, weder zu privat noch zu &#8220;verkleidet&#8221;. Im Gespr\u00e4ch selbst authentisch und ehrlich sein sowie p\u00fcnktlich erscheinen.<\/p>\n<div id=\"attachment_6359\" class=\"wp-caption alignright\" style=\"width: 300px\"><a href=\"https:\/\/www.azubister.de\/magazin\/wp-content\/uploads\/2013\/08\/IMG_4433a.jpg\"><img loading=\"lazy\" class=\"size-medium wp-image-6359 \" title=\"Ausbildung bei der Br\u00fccke SH\" alt=\"Ausbildung bei der Br\u00fccke SH\" src=\"https:\/\/www.azubister.de\/magazin\/wp-content\/uploads\/2013\/08\/IMG_4433a-300x250.jpg\" width=\"300\" height=\"250\" srcset=\"https:\/\/www.azubister.de\/magazin\/wp-content\/uploads\/2013\/08\/IMG_4433a-300x250.jpg 300w, https:\/\/www.azubister.de\/magazin\/wp-content\/uploads\/2013\/08\/IMG_4433a-960x800.jpg 960w, https:\/\/www.azubister.de\/magazin\/wp-content\/uploads\/2013\/08\/IMG_4433a-75x63.jpg 75w, https:\/\/www.azubister.de\/magazin\/wp-content\/uploads\/2013\/08\/IMG_4433a-640x533.jpg 640w\" sizes=\"(max-width: 300px) 100vw, 300px\" \/><\/a><p class=\"wp-caption-text\">Ausbildung bei der Br\u00fccke SH? Einfach Super!<\/p><\/div>\n<p><span style=\"color: #333399;\"><strong>azubister<\/strong><\/span>: Letzte Frage. Wenn ihr eure Ausbildung als B\u00fcrokaufmann\/-frau bei der Br\u00fccke SH in 3 W\u00f6rtern beschreiben m\u00fcsst&#8230;<\/p>\n<p><strong>Melanie<\/strong>: Abwechslungsreich, anspruchsvoll, selbst\u00e4ndig.<\/p>\n<p><strong>Kevin<\/strong>: Sehr lehrreich, sehr spa\u00dfig, einfach &#8220;SUPER&#8221;.<\/p>","protected":false},"excerpt":{"rendered":"<p>Die Ausbildung bei der Br\u00fccke SH ist eine spannende Sache. Im Interview gibt es Einblicke in das Unternehmen.<\/p>\n","protected":false},"author":18,"featured_media":9047,"comment_status":"open","ping_status":"open","sticky":false,"template":"","format":"standard","meta":{"ngg_post_thumbnail":0},"categories":[1],"topic":[938],"jobgroup":[127,131],"city":[],"_links":{"self":[{"href":"https:\/\/www.azubister.de\/magazin\/wp-json\/wp\/v2\/posts\/6351"}],"collection":[{"href":"https:\/\/www.azubister.de\/magazin\/wp-json\/wp\/v2\/posts"}],"about":[{"href":"https:\/\/www.azubister.de\/magazin\/wp-json\/wp\/v2\/types\/post"}],"author":[{"embeddable":true,"href":"https:\/\/www.azubister.de\/magazin\/wp-json\/wp\/v2\/users\/18"}],"replies":[{"embeddable":true,"href":"https:\/\/www.azubister.de\/magazin\/wp-json\/wp\/v2\/comments?post=6351"}],"version-history":[{"count":20,"href":"https:\/\/www.azubister.de\/magazin\/wp-json\/wp\/v2\/posts\/6351\/revisions"}],"predecessor-version":[{"id":10878,"href":"https:\/\/www.azubister.de\/magazin\/wp-json\/wp\/v2\/posts\/6351\/revisions\/10878"}],"wp:featuredmedia":[{"embeddable":true,"href":"https:\/\/www.azubister.de\/magazin\/wp-json\/wp\/v2\/media\/9047"}],"wp:attachment":[{"href":"https:\/\/www.azubister.de\/magazin\/wp-json\/wp\/v2\/media?parent=6351"}],"wp:term":[{"taxonomy":"category","embeddable":true,"href":"https:\/\/www.azubister.de\/magazin\/wp-json\/wp\/v2\/categories?post=6351"},{"taxonomy":"topic","embeddable":true,"href":"https:\/\/www.azubister.de\/magazin\/wp-json\/wp\/v2\/topic?post=6351"},{"taxonomy":"jobgroup","embeddable":true,"href":"https:\/\/www.azubister.de\/magazin\/wp-json\/wp\/v2\/jobgroup?post=6351"},{"taxonomy":"city","embeddable":true,"href":"https:\/\/www.azubister.de\/magazin\/wp-json\/wp\/v2\/city?post=6351"}],"curies":[{"name":"wp","href":"https:\/\/api.w.org\/{rel}","templated":true}]}}