{"id":5999,"date":"2013-07-08T14:20:23","date_gmt":"2013-07-08T12:20:23","guid":{"rendered":"https:\/\/www.azubister.de\/magazin\/?p=5999"},"modified":"2023-02-01T09:30:23","modified_gmt":"2023-02-01T08:30:23","slug":"ausbildung-koch-basf","status":"publish","type":"post","link":"https:\/\/www.azubister.de\/magazin\/artikel\/ausbildung-koch-basf","title":{"rendered":"Interview: Ausbildung als Koch bei BASF"},"content":{"rendered":"\n<figure class=\"wp-block-image size-large\"><img loading=\"lazy\" width=\"960\" height=\"640\" src=\"https:\/\/www.azubister.de\/magazin\/wp-content\/uploads\/2013\/07\/Ausbildung-zum-Koch-unsplash-960x640.jpg\" alt=\"Koch richtet Teller in Restaurant an\" class=\"wp-image-8949\" srcset=\"https:\/\/www.azubister.de\/magazin\/wp-content\/uploads\/2013\/07\/Ausbildung-zum-Koch-unsplash-960x640.jpg 960w, https:\/\/www.azubister.de\/magazin\/wp-content\/uploads\/2013\/07\/Ausbildung-zum-Koch-unsplash-300x200.jpg 300w, https:\/\/www.azubister.de\/magazin\/wp-content\/uploads\/2013\/07\/Ausbildung-zum-Koch-unsplash-768x512.jpg 768w, https:\/\/www.azubister.de\/magazin\/wp-content\/uploads\/2013\/07\/Ausbildung-zum-Koch-unsplash-95x63.jpg 95w, https:\/\/www.azubister.de\/magazin\/wp-content\/uploads\/2013\/07\/Ausbildung-zum-Koch-unsplash-220x148.jpg 220w, https:\/\/www.azubister.de\/magazin\/wp-content\/uploads\/2013\/07\/Ausbildung-zum-Koch-unsplash-490x327.jpg 490w, https:\/\/www.azubister.de\/magazin\/wp-content\/uploads\/2013\/07\/Ausbildung-zum-Koch-unsplash-150x100.jpg 150w, https:\/\/www.azubister.de\/magazin\/wp-content\/uploads\/2013\/07\/Ausbildung-zum-Koch-unsplash-216x144.jpg 216w, https:\/\/www.azubister.de\/magazin\/wp-content\/uploads\/2013\/07\/Ausbildung-zum-Koch-unsplash-640x427.jpg 640w, https:\/\/www.azubister.de\/magazin\/wp-content\/uploads\/2013\/07\/Ausbildung-zum-Koch-unsplash.jpg 1200w\" sizes=\"(max-width: 960px) 100vw, 960px\" \/><figcaption><em>Ist das Essen oder Kunst? &#8211; Foto: unsplash.com<\/em><\/figcaption><\/figure>\n\n\n<p>Stefan macht bei BASF eine Ausbildung zum Koch. Im Interview hat er uns \u00fcber seinen Job erz\u00e4hlt und gibt ein paar Tipps f\u00fcr alle angehenden Azubis, die auf Ausbildungsplatzsuche sind.<\/p>\n<h3>Ausbildung als Koch<\/h3>\n<div id=\"attachment_6003\" class=\"wp-caption alignright\" style=\"width: 199px\"><a href=\"https:\/\/www.azubister.de\/magazin\/wp-content\/uploads\/2013\/07\/Koch_BASF1.png\"><img loading=\"lazy\" class=\"size-medium wp-image-6003 \" title=\"Koch bei BASF\" src=\"https:\/\/www.azubister.de\/magazin\/wp-content\/uploads\/2013\/07\/Koch_BASF1-199x300.png\" alt=\"Koch bei BASF\" width=\"199\" height=\"300\" srcset=\"https:\/\/www.azubister.de\/magazin\/wp-content\/uploads\/2013\/07\/Koch_BASF1-199x300.png 199w, https:\/\/www.azubister.de\/magazin\/wp-content\/uploads\/2013\/07\/Koch_BASF1-41x63.png 41w, https:\/\/www.azubister.de\/magazin\/wp-content\/uploads\/2013\/07\/Koch_BASF1.png 236w\" sizes=\"(max-width: 199px) 100vw, 199px\" \/><\/a><p class=\"wp-caption-text\">Stefan macht eine Ausbildung zum Koch bei BASF<\/p><\/div>\n<p><span style=\"color: #000080;\"><strong>azubister<\/strong><\/span>: Hallo Stefan! Wie hast Du den Ausbildungsberuf &#8220;Koch&#8221; f\u00fcr Dich gefunden?<\/p>\n<p><strong>Stefan<\/strong>: Tja, ich koche halt sehr gerne, daher habe ich mich f\u00fcr eine Ausbildung als Koch entschieden. Und es gibt nat\u00fcrlich jeden Tag etwas Gutes zu essen. Daf\u00fcr bin ich ja dann auch mitverantwortlich. \ud83d\ude09<\/p>\n<p><span style=\"color: #000080;\"><strong>azubister<\/strong><\/span>: Was gab es denn noch, was Dich interessiert hat?<\/p>\n<p><strong>Stefan<\/strong>: Die Berufe Schneider und Mechatroniker fand ich noch ganz interessant.<\/p>\n<p><span style=\"color: #000080;\"><strong>azubister<\/strong><\/span>: Bevor Du Dich beworben hast, wie hast Du Dich da informiert?<\/p>\n<p><strong>Stefan<\/strong>: Ich war bei der Arbeitsagentur, au\u00dferdem habe ich mich im Internet informiert und nat\u00fcrlich auch mit Freunden und Bekannten \u00fcber m\u00f6gliche Berufe gesprochen.<\/p>\n<p><span style=\"color: #000080;\"><strong>azubister<\/strong><\/span>: Und jetzt eine Ausbildung bei BASF. Was waren Deine Gr\u00fcnde?<\/p>\n<p><strong>Stefan<\/strong>: Die BASF ist ein gro\u00dfes Unternehmen, das Sicherheit bietet und eine Top-Ausbildung zu besseren Bedingungen als in anderen Gastronomiebetrieben. Zum Beispiel ist hier auch die Ausbildungsverg\u00fctung wesentlich h\u00f6her.<\/p>\n<h3>Ausbildung bei BASF: Hohe Ausbildungsverg\u00fctung und Arbeitsplatz-Sicherheit<\/h3>\n<div id=\"attachment_6007\" class=\"wp-caption alignright\" style=\"width: 190px\"><a href=\"https:\/\/www.azubister.de\/magazin\/wp-content\/uploads\/2013\/07\/Koch_BASF2.png\"><img loading=\"lazy\" class=\"size-medium wp-image-6007 \" title=\"Ausbildung Koch bei BASF\" src=\"https:\/\/www.azubister.de\/magazin\/wp-content\/uploads\/2013\/07\/Koch_BASF2-190x300.png\" alt=\"Ausbildung Koch bei BASF\" width=\"190\" height=\"300\" srcset=\"https:\/\/www.azubister.de\/magazin\/wp-content\/uploads\/2013\/07\/Koch_BASF2-190x300.png 190w, https:\/\/www.azubister.de\/magazin\/wp-content\/uploads\/2013\/07\/Koch_BASF2-39x63.png 39w, https:\/\/www.azubister.de\/magazin\/wp-content\/uploads\/2013\/07\/Koch_BASF2.png 246w\" sizes=\"(max-width: 190px) 100vw, 190px\" \/><\/a><p class=\"wp-caption-text\">Stefan:\u201dKochen macht Spa\u00df\u201d<\/p><\/div>\n<p><span style=\"color: #000080;\"><strong>azubister<\/strong><\/span>: Macht Dir Deine Ausbildung auch Spa\u00df?<\/p>\n<p><strong>Stefan<\/strong>: Ja kar! Das Team ist toll, die Arbeitszeiten sind angenehm und geregelter als in Restaurants und Hotels drau\u00dfen. Au\u00dferdem kann ich hier ich eine ganze Menge lernen.<\/p>\n<p><span style=\"color: #000080;\"><strong>azubister<\/strong><\/span>: Was ist f\u00fcr dich das besondere an Deinem Ausbildungsberuf?<\/p>\n<p><strong>Stefan<\/strong>: Ich sorge daf\u00fcr, dass unsere G\u00e4ste etwas Leckeres zu essen bekommen \u2013 das f\u00e4ngt mit dem Putzen und Verarbeiten von Lebensmitteln an, geht \u00fcber die Zubereitung, also das Kochen und endet mit dem sch\u00f6nen Anrichten der Mahlzeit auf den Tellern, die dann den G\u00e4sten serviert werden. Schlie\u00dflich isst auch das Auge mit :-).<\/p>\n<p><span style=\"color: #000080;\"><strong>azubister<\/strong><\/span>: Wo wird dein Weg bei BASF hinf\u00fchren, hast Du eine Idee?<\/p>\n<div id=\"attachment_6004\" class=\"wp-caption alignright\" style=\"width: 300px\"><a href=\"https:\/\/www.azubister.de\/magazin\/wp-content\/uploads\/2013\/07\/Koch_BASF4.png\"><img loading=\"lazy\" class=\"size-medium wp-image-6004 \" title=\"Koch BASF\" src=\"https:\/\/www.azubister.de\/magazin\/wp-content\/uploads\/2013\/07\/Koch_BASF4-300x200.png\" alt=\"Koch BASF\" width=\"300\" height=\"200\" srcset=\"https:\/\/www.azubister.de\/magazin\/wp-content\/uploads\/2013\/07\/Koch_BASF4-300x200.png 300w, https:\/\/www.azubister.de\/magazin\/wp-content\/uploads\/2013\/07\/Koch_BASF4-95x63.png 95w, https:\/\/www.azubister.de\/magazin\/wp-content\/uploads\/2013\/07\/Koch_BASF4-220x148.png 220w, https:\/\/www.azubister.de\/magazin\/wp-content\/uploads\/2013\/07\/Koch_BASF4-150x100.png 150w, https:\/\/www.azubister.de\/magazin\/wp-content\/uploads\/2013\/07\/Koch_BASF4-216x144.png 216w, https:\/\/www.azubister.de\/magazin\/wp-content\/uploads\/2013\/07\/Koch_BASF4.png 480w\" sizes=\"(max-width: 300px) 100vw, 300px\" \/><\/a><span class=\"image-copyright\">\u00a9 Sebastian Coman Photography \/ Unsplash<\/span><p class=\"wp-caption-text\">In der Kantine wird das Essen an die Mitarbeiter ausgegeben<\/p><\/div>\n<p><strong>Stefan<\/strong>: Ich habe mir vorgenommen, nach der Ausbildung mein Abitur nach zu machen und dann zu studieren \u2013 \u00d6kotrophologie interessiert mich. Damit stehen mir in vielen Bereichen jede Menge T\u00fcren offen.<\/p>\n<p><span style=\"color: #000080;\"><strong>azubister<\/strong><\/span>: Super! Hast Du zum Schluss noch einen Tipp f\u00fcr Bewerber?<\/p>\n<p><strong>Stefan<\/strong>: Ihr solltet euch auf jeden Fall fr\u00fch genug bewerben und nicht bis zur letzten Minute warten! \ud83d\ude00<\/p>","protected":false},"excerpt":{"rendered":"<p>Stefan macht bei BASF eine Ausbildung zum Koch. Im Interviewerz\u00e4hlt er \u00fcber seinen Job<\/p>\n","protected":false},"author":18,"featured_media":8949,"comment_status":"open","ping_status":"open","sticky":false,"template":"","format":"standard","meta":{"ngg_post_thumbnail":0},"categories":[1],"topic":[938],"jobgroup":[132,933],"city":[],"_links":{"self":[{"href":"https:\/\/www.azubister.de\/magazin\/wp-json\/wp\/v2\/posts\/5999"}],"collection":[{"href":"https:\/\/www.azubister.de\/magazin\/wp-json\/wp\/v2\/posts"}],"about":[{"href":"https:\/\/www.azubister.de\/magazin\/wp-json\/wp\/v2\/types\/post"}],"author":[{"embeddable":true,"href":"https:\/\/www.azubister.de\/magazin\/wp-json\/wp\/v2\/users\/18"}],"replies":[{"embeddable":true,"href":"https:\/\/www.azubister.de\/magazin\/wp-json\/wp\/v2\/comments?post=5999"}],"version-history":[{"count":23,"href":"https:\/\/www.azubister.de\/magazin\/wp-json\/wp\/v2\/posts\/5999\/revisions"}],"predecessor-version":[{"id":11779,"href":"https:\/\/www.azubister.de\/magazin\/wp-json\/wp\/v2\/posts\/5999\/revisions\/11779"}],"wp:featuredmedia":[{"embeddable":true,"href":"https:\/\/www.azubister.de\/magazin\/wp-json\/wp\/v2\/media\/8949"}],"wp:attachment":[{"href":"https:\/\/www.azubister.de\/magazin\/wp-json\/wp\/v2\/media?parent=5999"}],"wp:term":[{"taxonomy":"category","embeddable":true,"href":"https:\/\/www.azubister.de\/magazin\/wp-json\/wp\/v2\/categories?post=5999"},{"taxonomy":"topic","embeddable":true,"href":"https:\/\/www.azubister.de\/magazin\/wp-json\/wp\/v2\/topic?post=5999"},{"taxonomy":"jobgroup","embeddable":true,"href":"https:\/\/www.azubister.de\/magazin\/wp-json\/wp\/v2\/jobgroup?post=5999"},{"taxonomy":"city","embeddable":true,"href":"https:\/\/www.azubister.de\/magazin\/wp-json\/wp\/v2\/city?post=5999"}],"curies":[{"name":"wp","href":"https:\/\/api.w.org\/{rel}","templated":true}]}}