{"id":5957,"date":"2013-06-27T17:07:32","date_gmt":"2013-06-27T15:07:32","guid":{"rendered":"https:\/\/www.azubister.de\/magazin\/?p=5957"},"modified":"2022-10-14T16:48:23","modified_gmt":"2022-10-14T14:48:23","slug":"traumberuf-ikea-erfahrungsbericht","status":"publish","type":"post","link":"https:\/\/www.azubister.de\/magazin\/artikel\/traumberuf-ikea-erfahrungsbericht","title":{"rendered":"Traumberuf gefunden &#8211; Erfahrungsbericht eines Einzelhandelskaufmanns"},"content":{"rendered":"\n<figure class=\"wp-block-image size-large\"><img loading=\"lazy\" width=\"960\" height=\"640\" src=\"https:\/\/www.azubister.de\/magazin\/wp-content\/uploads\/2013\/06\/IKEA-Traumjob-Pixabay-960x640.jpg\" alt=\"IKEA Geb\u00e4ude\" class=\"wp-image-8945\" srcset=\"https:\/\/www.azubister.de\/magazin\/wp-content\/uploads\/2013\/06\/IKEA-Traumjob-Pixabay-960x640.jpg 960w, https:\/\/www.azubister.de\/magazin\/wp-content\/uploads\/2013\/06\/IKEA-Traumjob-Pixabay-300x200.jpg 300w, https:\/\/www.azubister.de\/magazin\/wp-content\/uploads\/2013\/06\/IKEA-Traumjob-Pixabay-768x512.jpg 768w, https:\/\/www.azubister.de\/magazin\/wp-content\/uploads\/2013\/06\/IKEA-Traumjob-Pixabay-95x63.jpg 95w, https:\/\/www.azubister.de\/magazin\/wp-content\/uploads\/2013\/06\/IKEA-Traumjob-Pixabay-220x148.jpg 220w, https:\/\/www.azubister.de\/magazin\/wp-content\/uploads\/2013\/06\/IKEA-Traumjob-Pixabay-490x327.jpg 490w, https:\/\/www.azubister.de\/magazin\/wp-content\/uploads\/2013\/06\/IKEA-Traumjob-Pixabay-150x100.jpg 150w, https:\/\/www.azubister.de\/magazin\/wp-content\/uploads\/2013\/06\/IKEA-Traumjob-Pixabay-216x144.jpg 216w, https:\/\/www.azubister.de\/magazin\/wp-content\/uploads\/2013\/06\/IKEA-Traumjob-Pixabay-640x427.jpg 640w, https:\/\/www.azubister.de\/magazin\/wp-content\/uploads\/2013\/06\/IKEA-Traumjob-Pixabay.jpg 1200w\" sizes=\"(max-width: 960px) 100vw, 960px\" \/><figcaption><em>Wie arbeitet es sich bei IKEA? &#8211; Foto: pixabay.com<\/em><\/figcaption><\/figure>\n\n\n<p>Wir haben Sejmir \u00fcber unsere facebook-Seite kennengelernt, als er uns dort fragte, wo er Infos zur Ausbildung bei IKEA finden kann. Er hatte sich bei IKEA um eine Ausbildung zum Einzelhandelskaufmann beworben, war zum&nbsp;Vorstellungsgespr\u00e4ch eingeladen worden und wollte sich nun auf dieses gut vorbereiten. Die Ausbildung hat er bekommen und uns kurz darauf von seinem Weg zum Traumberuf erz\u00e4hlt.<\/p>\n<h3>Ausbildung bei IKEA &#8211; &#8220;Mein Traumberuf&#8221;<\/h3>\n<div id=\"attachment_5961\" class=\"wp-caption alignright\" style=\"width: 195px\"><a href=\"https:\/\/www.azubister.de\/magazin\/wp-content\/uploads\/2013\/06\/560284_379219705480111_2022788042_n.jpg\"><img loading=\"lazy\" class=\"size-medium wp-image-5961 \" title=\"Azubi bei IKEA\" src=\"https:\/\/www.azubister.de\/magazin\/wp-content\/uploads\/2013\/06\/560284_379219705480111_2022788042_n-195x300.jpg\" alt=\"Azubi bei IKEA\" width=\"195\" height=\"300\" srcset=\"https:\/\/www.azubister.de\/magazin\/wp-content\/uploads\/2013\/06\/560284_379219705480111_2022788042_n-195x300.jpg 195w, https:\/\/www.azubister.de\/magazin\/wp-content\/uploads\/2013\/06\/560284_379219705480111_2022788042_n-41x63.jpg 41w, https:\/\/www.azubister.de\/magazin\/wp-content\/uploads\/2013\/06\/560284_379219705480111_2022788042_n.jpg 208w\" sizes=\"(max-width: 195px) 100vw, 195px\" \/><\/a><p class=\"wp-caption-text\">Sejmir\u2026frisch gebackener IKEA-Azubi<\/p><\/div>\n<p>&#8220;Ich wollte schon immer eine Ausbildung bei IKEA beginnen, weil ich auch in Schweden geboren bin. Meine Eltern kommen urspr\u00fcnglich aus Serbien und in meiner Kindheit sind wir so ein wenig herumgereist. Ich war auch schon in Deutschland, 9 Jahre haben wir in Wiesbaden gelebt. Allerdings sind wir dann \u00fcber Serbien nach \u00d6sterreich gezogen. Ich habe dann deswegen nur die&nbsp;Hauptschule abschlie\u00dfen k\u00f6nnen und mich dann auf die Suche nach einer Arbeit gemacht. Nachdem ich noch lange auf meine Arbeitserlaubnis warten musste, habe ich mich dann 2011 erstmal bei IKEA um eine Ausbildung als Einzelhandelskaufmann beworben.&nbsp;Ich habe aber nur eine Standard-Bewerbung geschrieben, was nicht gut ankam. Lange Zeit musste ich warten, bis ich dann im M\u00e4rz eine Absage bekommen habe. Da war ich schon sehr entt\u00e4uscht muss ich zugeben. Der Grund damals waren meinen nicht so gute Noten :)&#8221;<\/p>\n<h3>Vom Probearbeiten zum Vorstellungsgespr\u00e4ch<\/h3>\n<p>&#8220;Am gleichen Tag habe ich mich aber informiert, wie ich meine Noten verbessern k\u00f6nnte. In einem Berufsinstitut konnte ich dann durch einen Kurs meine Noten verbessern. der Kurs hat von M\u00e4rz 2012 bis Februar diesen Jahres gedauert. In dieser Zeit habe ich meinen Traum eine Ausbildung IKEA zu beginnen nicht aufgegeben und mich sehr um eine neue&nbsp;Bewerbung f\u00fcr eine Ausbildung als Einzelhandelskaufmann bem\u00fcht. In die Bewerbung schrieb ich, warum ich bei IKEA arbeiten m\u00f6chte und so weiter. Dann kam mir die Idee, einfach bei IKEA zu fragen, ob ich nicht Probearbeiten k\u00f6nnte. Beim Einkaufen in unserem IKEA habe ich dann eine nette junge Frau in gelb gefragt. Sie war so nett und hat auch gleich die zust\u00e4ndige Dame angerufen. Und ich sollte sofort ins Restaurant kommen und dort auf sie warten.&#8221;<\/p>\n<h3>Ausbildung zum Einzelhandelskaufmann bei IKEA<\/h3>\n<p>&#8220;Nat\u00fcrlich war ich sehr aufgeregt, aber mir wurde angeboten, 2 Tage in der Deko-Abteilung zu arbeiten. Das hat mir sehr viel Spa\u00df gemacht. Mit den Kollegen sa\u00dfen wir in der Pause immer zusammen und konnten uns hier austauschen. Zwei Wochen sp\u00e4ter bekam ich eine Email, dass ich im Auswahlverfahren um die Ausbildung zum Einzelhandelskaufmann dabei bin. Ich war aber sehr aufgeregt, weil von den 8 Bewerbern 6 Leute das Abitur hatten und ich der einzige mit einem Hauptschulabschluss war. Der Test hat von 10:00 bis 14:30 Nachmittags gedauert. Dann wurde uns gesagt, dass es 2 Wochen dauert, bis die Ergebnisse feststehen. Ich wurde anschlie\u00dfend zum Einzelgespr\u00e4ch eingeladen mit der Personalchefin. Wieder musste ich danach 2 Wochen warten und&nbsp;musste noch mein&nbsp;<a href=\"https:\/\/www.azubister.de\/magazin\/?p=249\" title=\"Welche Zeugnisse kommen in die Bewerbung f\u00fcr einen Ausbildungsplatz?\">Zeugnis<\/a> nachreichen. Dann kam eine Woche sp\u00e4ter der Anruf, das IKEA mir eine Ausbildung als Einzelhandelskaufmann anbieten m\u00f6chte. Ich habe mich sehr gefreut und jetzt meinen Traum verwirklicht eine Ausbildung bei IKEA zu beginnen.&#8221;<\/p>","protected":false},"excerpt":{"rendered":"<p>Sejmir erz\u00e4hlt von seinem steinigen Weg zum Traumberuf bei IKEA<\/p>\n","protected":false},"author":18,"featured_media":8945,"comment_status":"open","ping_status":"open","sticky":false,"template":"","format":"standard","meta":{"ngg_post_thumbnail":0},"categories":[1],"topic":[938],"jobgroup":[131],"city":[],"_links":{"self":[{"href":"https:\/\/www.azubister.de\/magazin\/wp-json\/wp\/v2\/posts\/5957"}],"collection":[{"href":"https:\/\/www.azubister.de\/magazin\/wp-json\/wp\/v2\/posts"}],"about":[{"href":"https:\/\/www.azubister.de\/magazin\/wp-json\/wp\/v2\/types\/post"}],"author":[{"embeddable":true,"href":"https:\/\/www.azubister.de\/magazin\/wp-json\/wp\/v2\/users\/18"}],"replies":[{"embeddable":true,"href":"https:\/\/www.azubister.de\/magazin\/wp-json\/wp\/v2\/comments?post=5957"}],"version-history":[{"count":24,"href":"https:\/\/www.azubister.de\/magazin\/wp-json\/wp\/v2\/posts\/5957\/revisions"}],"predecessor-version":[{"id":10846,"href":"https:\/\/www.azubister.de\/magazin\/wp-json\/wp\/v2\/posts\/5957\/revisions\/10846"}],"wp:featuredmedia":[{"embeddable":true,"href":"https:\/\/www.azubister.de\/magazin\/wp-json\/wp\/v2\/media\/8945"}],"wp:attachment":[{"href":"https:\/\/www.azubister.de\/magazin\/wp-json\/wp\/v2\/media?parent=5957"}],"wp:term":[{"taxonomy":"category","embeddable":true,"href":"https:\/\/www.azubister.de\/magazin\/wp-json\/wp\/v2\/categories?post=5957"},{"taxonomy":"topic","embeddable":true,"href":"https:\/\/www.azubister.de\/magazin\/wp-json\/wp\/v2\/topic?post=5957"},{"taxonomy":"jobgroup","embeddable":true,"href":"https:\/\/www.azubister.de\/magazin\/wp-json\/wp\/v2\/jobgroup?post=5957"},{"taxonomy":"city","embeddable":true,"href":"https:\/\/www.azubister.de\/magazin\/wp-json\/wp\/v2\/city?post=5957"}],"curies":[{"name":"wp","href":"https:\/\/api.w.org\/{rel}","templated":true}]}}