{"id":5012,"date":"2013-04-30T09:57:08","date_gmt":"2013-04-30T07:57:08","guid":{"rendered":"https:\/\/www.azubister.de\/magazin\/?p=5012"},"modified":"2023-01-02T15:32:39","modified_gmt":"2023-01-02T14:32:39","slug":"ausbildung-ford-erfahrungsbericht","status":"publish","type":"post","link":"https:\/\/www.azubister.de\/magazin\/artikel\/ausbildung-ford-erfahrungsbericht","title":{"rendered":"Interviews Ausbildung bei Ford &#8211; Spannende Berufe"},"content":{"rendered":"\n<figure class=\"wp-block-image size-large\"><img loading=\"lazy\" width=\"960\" height=\"640\" src=\"https:\/\/www.azubister.de\/magazin\/wp-content\/uploads\/2013\/04\/FORD-Ausbildung-Unsplash-960x640.jpg\" alt=\"Werkzeuge h\u00e4ngen an Wand\" class=\"wp-image-8902\" srcset=\"https:\/\/www.azubister.de\/magazin\/wp-content\/uploads\/2013\/04\/FORD-Ausbildung-Unsplash-960x640.jpg 960w, https:\/\/www.azubister.de\/magazin\/wp-content\/uploads\/2013\/04\/FORD-Ausbildung-Unsplash-300x200.jpg 300w, https:\/\/www.azubister.de\/magazin\/wp-content\/uploads\/2013\/04\/FORD-Ausbildung-Unsplash-768x512.jpg 768w, https:\/\/www.azubister.de\/magazin\/wp-content\/uploads\/2013\/04\/FORD-Ausbildung-Unsplash-95x63.jpg 95w, https:\/\/www.azubister.de\/magazin\/wp-content\/uploads\/2013\/04\/FORD-Ausbildung-Unsplash-220x148.jpg 220w, https:\/\/www.azubister.de\/magazin\/wp-content\/uploads\/2013\/04\/FORD-Ausbildung-Unsplash-490x327.jpg 490w, https:\/\/www.azubister.de\/magazin\/wp-content\/uploads\/2013\/04\/FORD-Ausbildung-Unsplash-150x100.jpg 150w, https:\/\/www.azubister.de\/magazin\/wp-content\/uploads\/2013\/04\/FORD-Ausbildung-Unsplash-216x144.jpg 216w, https:\/\/www.azubister.de\/magazin\/wp-content\/uploads\/2013\/04\/FORD-Ausbildung-Unsplash-640x427.jpg 640w, https:\/\/www.azubister.de\/magazin\/wp-content\/uploads\/2013\/04\/FORD-Ausbildung-Unsplash.jpg 1200w\" sizes=\"(max-width: 960px) 100vw, 960px\" \/><figcaption><em>Werkzeugmechaniker bei Ford werden &#8211; Foto: unsplash.com<\/em><\/figcaption><\/figure>\n\n\n<p>Bereit seit 1914 bildet Ford schon Auszubildende aus. Bisher haben hier \u00fcber 14.ooo junge Menschen eine Ausbildung erfolgreich abgeschlossen. Hierbei zeichnet sich die Lehre vor allem durch eine hohe Praxisorientierung und N\u00e4he zum Betrieb aus. J\u00e4hrlich werden bei Ford \u00fcber 200 Ausbildungspl\u00e4tze angeboten. <span style=\"color: #00ccff;\"><strong>azubister<\/strong><\/span> hat sich mit Meike Groh und Cordula Bendel, beide zust\u00e4ndig f\u00fcr die \u00d6ffentlichkeitsarbeit im Bereich Berufsausbildung, sowie Azubi Sven Ramolla, der eine Ausbildung zum Werkzeugmechaniker macht, \u00fcber die Ausbildung bei Ford berichten lassen.<\/p>\n<p><span style=\"color: #00ccff;\"><strong>azubister<\/strong><\/span>: An welchen Standorten bildet Ford aus?<\/p>\n<p><strong>Groh<\/strong>: Ford bietet neben dem Ausbildungsort hier in K\u00f6ln zus\u00e4tzlich noch Ausbildungspl\u00e4tze im Werk in Saarlouis an. J\u00e4hrlich bilden wir knapp 270 Azubis aus, welche sich auf die Standorte aufteilen. Der Gro\u00dfteil wird aber hier bei uns in K\u00f6ln ausgebildet.<\/p>\n<p><span style=\"color: #00ccff;\"><strong>azubister<\/strong><\/span>: Welche Ausbildungen werden bei Ford angeboten?<\/p>\n<p><strong>Groh<\/strong>: Wir bieten insgesamt 13 verschiedene Ausbildungsberufe bei Ford und f\u00fcr andere Kunden an und bedienen damit die drei S\u00e4ulen der Berufsausbildung: kaufm\u00e4nnische, technische und gewerbliche Ausbildungsberufe. Daneben ist es noch m\u00f6glich ein Duales Studium&nbsp;bei uns zu beginnen.<\/p>\n<p><span style=\"color: #00ccff;\"><strong>azubister<\/strong><\/span>: Was sollten Bewerber f\u00fcr Voraussetzungen bei Ford mitbringen?<\/p>\n<div id=\"attachment_5276\" class=\"wp-caption alignright\" style=\"width: 224px\"><a href=\"https:\/\/www.azubister.de\/magazin\/wp-content\/uploads\/2013\/04\/Foto-e1366707420435.jpg\"><img loading=\"lazy\" class=\"size-medium wp-image-5276 \" title=\"Azubi bei Ford\" src=\"https:\/\/www.azubister.de\/magazin\/wp-content\/uploads\/2013\/04\/Foto-e1366707420435-224x300.jpg\" alt=\"Azubi bei Ford\" width=\"224\" height=\"300\" srcset=\"https:\/\/www.azubister.de\/magazin\/wp-content\/uploads\/2013\/04\/Foto-e1366707420435-224x300.jpg 224w, https:\/\/www.azubister.de\/magazin\/wp-content\/uploads\/2013\/04\/Foto-e1366707420435-597x800.jpg 597w, https:\/\/www.azubister.de\/magazin\/wp-content\/uploads\/2013\/04\/Foto-e1366707420435.jpg 968w\" sizes=\"(max-width: 224px) 100vw, 224px\" \/><\/a><p class=\"wp-caption-text\">\u00a9 Ford \u2013 Sven macht bei Ford eine Ausbildung zum Werkzeugmechaniker<\/p><\/div>\n<p><strong>Sven<\/strong>: Ich hab mich mit einer Mittleren Reife beworben. Die Bewerbung lief standardm\u00e4\u00dfig ab.&nbsp;<a href=\"https:\/\/www.azubister.de\/magazin\/artikel\/bewerbungsanschreiben\" title=\"So schreibst du ein gutes Bewerbungsschreiben f\u00fcr eine Ausbildung\">Anschreiben<\/a>, Lebenslauf und mein Abschlusszeugnis habe ich in die Mappe beigelegt.<\/p>\n<p><strong>Groh<\/strong>: Bei uns gibt es noch keine Online-Bewerbung. Wir machen den klassischen Weg: die schriftliche Bewerbung.<\/p>\n<p><strong>Bendel<\/strong>: Bewerber sollten Spa\u00df und Interesse an Technik mitbringen und zuverl\u00e4ssig sein, d.h. auch keine unentschuldigten Fehlzeiten auf dem Zeugnis haben. Die erforderlichen Noten h\u00e4ngen vom jeweiligen Beruf ab, aber wir haben sowohl f\u00fcr Hauptsch\u00fcler als auch f\u00fcr Abiturienten Ausbildungsberufe bei Ford. F\u00fcr technische Berufe gilt: mindestens ein guter Hauptschulabschluss.&nbsp;Nach der Bewerbung, und wenn diese den formalen Anforderungen entspricht, laden wir die Bewerber zu einem 2 1\/2-st\u00fcndigen Einstellungstest ein.<\/p>\n<p><span style=\"color: #00ccff;\"><strong>azubister<\/strong><\/span>: Was wird in dem Test abgefragt?<\/p>\n<p><strong>Sven<\/strong>: Zum einen wurde Englisch abgefragt, aber auch Grundwissen aus der Mathematik, Deutsch und Erdkunde. Auch Textverst\u00e4ndnis war sehr wichtig. Aus der Mathematik gab es Aufgaben zu r\u00e4umlichen Vorstellungsverm\u00f6gen.<\/p>\n<p><span style=\"color: #00ccff;\"><strong>azubister<\/strong><\/span>: Wie l\u00e4uft ein&nbsp;Vorstellungsgespr\u00e4ch ab?<\/p>\n<p><strong>Groh<\/strong>: Nach dem erfolgreichen Test wird man zum Vorstellungsgespr\u00e4ch eingeladen, was wiederum eine Stunde dauern wird. Der Bewerber sollte sich hierbei schon angemessen kleiden. Also er sollte sich wohl f\u00fchlen, aber die Kleidung sollte gepflegt und sauber sein. Ein festlicher Anzug f\u00fcr eine technische Ausbildung ist nicht unbedingt erforderlich.<\/p>\n<!-- index.php -->\n<div\n\tclass=\"ngg-galleryoverview ngg-ajax-pagination-none\"\n\tid=\"ngg-gallery-dd4d32f0e4ec3b9d0b62fad3d3bf48d4-1\">\n\n    \t\t<!-- Thumbnails -->\n\t\t\t\t<div id=\"ngg-image-0\" class=\"ngg-gallery-thumbnail-box\" >\n\t\t\t\t        <div class=\"ngg-gallery-thumbnail\">\n            <a href=\"https:\/\/www.azubister.de\/magazin\/wp-content\/gallery\/ford\/2012-11-22_fordaw-036.jpg\"\n               title=\"\u00a9 Ford - Azubis bleiben zu Beginn der Ausbildung im Gruppenverband\"\n               data-src=\"https:\/\/www.azubister.de\/magazin\/wp-content\/gallery\/ford\/2012-11-22_fordaw-036.jpg\"\n               data-thumbnail=\"https:\/\/www.azubister.de\/magazin\/wp-content\/gallery\/ford\/thumbs\/thumbs_2012-11-22_fordaw-036.jpg\"\n               data-image-id=\"203\"\n               data-title=\"Ausbildung bei Ford\"\n               data-description=\"\u00a9 Ford - Azubis bleiben zu Beginn der Ausbildung im Gruppenverband\"\n               data-image-slug=\"ausbildung-bei-ford\"\n               class=\"ngg-fancybox\" rel=\"dd4d32f0e4ec3b9d0b62fad3d3bf48d4\">\n                <img\n                    title=\"Ausbildung bei Ford\"\n                    alt=\"Ausbildung bei Ford\"\n                    src=\"https:\/\/www.azubister.de\/magazin\/wp-content\/gallery\/ford\/thumbs\/thumbs_2012-11-22_fordaw-036.jpg\"\n                    width=\"185\"\n                    height=\"92\"\n                    style=\"max-width:100%;\"\n                \/>\n            <\/a>\n        <\/div>\n\t\t\t\t\t\t\t<\/div> \n\t\t\t\n        \n\t\t\t\t<div id=\"ngg-image-1\" class=\"ngg-gallery-thumbnail-box\" >\n\t\t\t\t        <div class=\"ngg-gallery-thumbnail\">\n            <a href=\"https:\/\/www.azubister.de\/magazin\/wp-content\/gallery\/ford\/2012-11-22_fordaw-094.jpg\"\n               title=\"\u00a9 Ford - Auch M\u00e4dchen arbeiten bei Ford in technischen Berufen\"\n               data-src=\"https:\/\/www.azubister.de\/magazin\/wp-content\/gallery\/ford\/2012-11-22_fordaw-094.jpg\"\n               data-thumbnail=\"https:\/\/www.azubister.de\/magazin\/wp-content\/gallery\/ford\/thumbs\/thumbs_2012-11-22_fordaw-094.jpg\"\n               data-image-id=\"204\"\n               data-title=\"Ausbildung bei Ford\"\n               data-description=\"\u00a9 Ford - Auch M\u00e4dchen arbeiten bei Ford in technischen Berufen\"\n               data-image-slug=\"ausbildung-bei-ford-2\"\n               class=\"ngg-fancybox\" rel=\"dd4d32f0e4ec3b9d0b62fad3d3bf48d4\">\n                <img\n                    title=\"Ausbildung bei Ford\"\n                    alt=\"Ausbildung bei Ford\"\n                    src=\"https:\/\/www.azubister.de\/magazin\/wp-content\/gallery\/ford\/thumbs\/thumbs_2012-11-22_fordaw-094.jpg\"\n                    width=\"185\"\n                    height=\"92\"\n                    style=\"max-width:100%;\"\n                \/>\n            <\/a>\n        <\/div>\n\t\t\t\t\t\t\t<\/div> \n\t\t\t\n        \n\t\t\t\t<div id=\"ngg-image-2\" class=\"ngg-gallery-thumbnail-box\" >\n\t\t\t\t        <div class=\"ngg-gallery-thumbnail\">\n            <a href=\"https:\/\/www.azubister.de\/magazin\/wp-content\/gallery\/ford\/2012-11-22_fordaw-102.jpg\"\n               title=\"\u00a9 Ford - Die Arbeit mit Werkzeugen geh\u00f6rt dazu\"\n               data-src=\"https:\/\/www.azubister.de\/magazin\/wp-content\/gallery\/ford\/2012-11-22_fordaw-102.jpg\"\n               data-thumbnail=\"https:\/\/www.azubister.de\/magazin\/wp-content\/gallery\/ford\/thumbs\/thumbs_2012-11-22_fordaw-102.jpg\"\n               data-image-id=\"205\"\n               data-title=\"Ausbildung bei Ford\"\n               data-description=\"\u00a9 Ford - Die Arbeit mit Werkzeugen geh\u00f6rt dazu\"\n               data-image-slug=\"ausbildung-bei-ford-3\"\n               class=\"ngg-fancybox\" rel=\"dd4d32f0e4ec3b9d0b62fad3d3bf48d4\">\n                <img\n                    title=\"Ausbildung bei Ford\"\n                    alt=\"Ausbildung bei Ford\"\n                    src=\"https:\/\/www.azubister.de\/magazin\/wp-content\/gallery\/ford\/thumbs\/thumbs_2012-11-22_fordaw-102.jpg\"\n                    width=\"185\"\n                    height=\"92\"\n                    style=\"max-width:100%;\"\n                \/>\n            <\/a>\n        <\/div>\n\t\t\t\t\t\t\t<\/div> \n\t\t\t\n        \n\t\t\t\t<div id=\"ngg-image-3\" class=\"ngg-gallery-thumbnail-box\" >\n\t\t\t\t        <div class=\"ngg-gallery-thumbnail\">\n            <a href=\"https:\/\/www.azubister.de\/magazin\/wp-content\/gallery\/ford\/2012-11-22_fordaw-123.jpg\"\n               title=\"\u00a9 Ford - Bei Problemen in der Ausbildung gibt es immer einen Ansprechpartner\"\n               data-src=\"https:\/\/www.azubister.de\/magazin\/wp-content\/gallery\/ford\/2012-11-22_fordaw-123.jpg\"\n               data-thumbnail=\"https:\/\/www.azubister.de\/magazin\/wp-content\/gallery\/ford\/thumbs\/thumbs_2012-11-22_fordaw-123.jpg\"\n               data-image-id=\"206\"\n               data-title=\"Ausbildung bei Ford\"\n               data-description=\"\u00a9 Ford - Bei Problemen in der Ausbildung gibt es immer einen Ansprechpartner\"\n               data-image-slug=\"ausbildung-bei-ford-4\"\n               class=\"ngg-fancybox\" rel=\"dd4d32f0e4ec3b9d0b62fad3d3bf48d4\">\n                <img\n                    title=\"Ausbildung bei Ford\"\n                    alt=\"Ausbildung bei Ford\"\n                    src=\"https:\/\/www.azubister.de\/magazin\/wp-content\/gallery\/ford\/thumbs\/thumbs_2012-11-22_fordaw-123.jpg\"\n                    width=\"185\"\n                    height=\"92\"\n                    style=\"max-width:100%;\"\n                \/>\n            <\/a>\n        <\/div>\n\t\t\t\t\t\t\t<\/div> \n\t\t\t\n        \n\t\t\t\t<div id=\"ngg-image-4\" class=\"ngg-gallery-thumbnail-box\" >\n\t\t\t\t        <div class=\"ngg-gallery-thumbnail\">\n            <a href=\"https:\/\/www.azubister.de\/magazin\/wp-content\/gallery\/ford\/2012-11-22_fordaw-129.jpg\"\n               title=\"\u00a9 Ford - Die Azubis bei Ford haben Spa\u00df an ihrer Ausbildung\"\n               data-src=\"https:\/\/www.azubister.de\/magazin\/wp-content\/gallery\/ford\/2012-11-22_fordaw-129.jpg\"\n               data-thumbnail=\"https:\/\/www.azubister.de\/magazin\/wp-content\/gallery\/ford\/thumbs\/thumbs_2012-11-22_fordaw-129.jpg\"\n               data-image-id=\"207\"\n               data-title=\"Ausbildung bei Ford\"\n               data-description=\"\u00a9 Ford - Die Azubis bei Ford haben Spa\u00df an ihrer Ausbildung\"\n               data-image-slug=\"ausbildung-bei-ford-5\"\n               class=\"ngg-fancybox\" rel=\"dd4d32f0e4ec3b9d0b62fad3d3bf48d4\">\n                <img\n                    title=\"Ausbildung bei Ford\"\n                    alt=\"Ausbildung bei Ford\"\n                    src=\"https:\/\/www.azubister.de\/magazin\/wp-content\/gallery\/ford\/thumbs\/thumbs_2012-11-22_fordaw-129.jpg\"\n                    width=\"185\"\n                    height=\"92\"\n                    style=\"max-width:100%;\"\n                \/>\n            <\/a>\n        <\/div>\n\t\t\t\t\t\t\t<\/div> \n\t\t\t\n        \n\t\t\n\t\t<!-- Pagination -->\n\t<div class='ngg-clear'><\/div>\t<\/div>\n\n<p><span style=\"color: #00ccff;\"><strong>azubister<\/strong><\/span>: Was ist das Besondere an einer Ausbildung bei Ford?<\/p>\n<p><strong>Sven<\/strong>: Hier geht die Ausbildung wirklich sehr in Tiefe. Und man hat nat\u00fcrlich die Sicherheit, dass wenn man fertig ist, kann man sagen; &#8220;ich habe die Ausbildung bei Ford gemacht&#8221;. Das sieht schon super aus. Und man muss sagen, dass sich wirklich um die Azubis gek\u00fcmmert wird. Auch haben wir eine Jugend-Auszubildenden-Vertretung, die sich bei uns vorgestellt hat und f\u00fcr alle Probleme und Fragen zur Verf\u00fcgung steht.<\/p>\n<p><strong>Bendel<\/strong>: Mit der IG Metall ist festgelegt, dass Azubis nach der Ausbildung erstmal 1 Jahr \u00fcbernommen werden um Berufserfahrung zu sammeln. Auch ist Besonders, dass man bei der Ausbildung in einem Klassenverband bleibt, d.h. man hat immer einen Ausbilder der sich wirklich nur um seine Azubis k\u00fcmmert. Wir legen besonders Wert auf das Team und das Miteinander. In jedem Ausbildungsjahr fahren z.B. die Azubis einer Gruppe gemeinsam auf ein arbeitsp\u00e4dagogisches Seminar.Das Miteinander ist sp\u00e4ter auch wichtig f\u00fcr den Erfolg im Betrieb. Neben der Berufsschule gibt es dann hier zus\u00e4tzlich den Werkunterricht, wo nochmal verschiedene Aspekte, z.B. in technischen Berufen das technische Zeichnen und auch Mathe, vertieft werden k\u00f6nnen. Einmal im Jahr fragen wir zudem bei den Auszubildenden in einer Befragung nach, wie die Ausbildung so ist etc. Diese Daten werden auch ernst genommen und mit den F\u00fchrungskr\u00e4ften besprochen und ggf. werden Abl\u00e4ufe ver\u00e4ndert oder angepasst.<\/p>\n<p><span style=\"color: #00ccff;\"><strong>azubister<\/strong><\/span>: Auch Duale Studieng\u00e4nge werden bei Ford angeboten. Seit wann bieten Sie dies an und welche Ziele verfolgt Ford damit?<\/p>\n<p><strong>Groh<\/strong>: Wir bieten zwei duale Studieng\u00e4nge an. Das duale Studium do2technik seit 2004 an und seit 2009 gibt es auch ein kaufm\u00e4nnischen Programm, do2business. Unser Ziel ist es auch damit Fach- und F\u00fchrungskr\u00e4ftenachwuchs zu entwickeln.<\/p>\n<p><span style=\"color: #00ccff;\"><strong>azubister<\/strong><\/span>: Wie l\u00e4uft dein Arbeitstag bei Ford ab?<\/p>\n<p><strong>Sven<\/strong>: Als erstes m\u00fcssen wir uns morgen umziehen, d.h. um viertel nach Sieben m\u00fcssen wir in Arbeitskleidung an unserem Arbeitsplatz stehen und dann gehts auch schon los. Unser Ausbilder ist dann den ganzen Tag stets bei uns und teilt uns unsere Aufgaben zu. In meiner Gruppe sind wir zur Zeit 12 Leute. Mittags wird dann in der werkseigenen Kantine gegessen. Anschlie\u00dfend gehts weiter mit der Arbeit.<\/p>\n<p><span style=\"color: #00ccff;\"><strong>azubister<\/strong><\/span>: Bei Ford wird auch besonders das Thema &#8220;Frauen in technische Berufe&#8221; vorangetrieben. Worum geht es da?<\/p>\n<p><strong>Groh<\/strong>: Das Programm haben wir schon seit 1999.Das Unternehmen m\u00f6chte einfach mehr junge Frauen als Fachkr\u00e4ftenachwuchs im technischen Bereich gewinnen. Hierzu veranstalten wir Berufsinformationstage und bieten Ferienpraktika an, damit die M\u00e4dchen auch einfach mal einen Einblick in die Berufe bekommen. Das soll &nbsp;zur Berufsorientierung vor der Bewerbung dienen. Und wir haben hier auch wirklich gute Erfolge erreicht: zur Zeit haben wir 20% weibliche Azubis (Ausbildung und Studium).<\/p>\n<p><strong>Sven<\/strong>: Und f\u00fcr uns Jungs ist es nat\u00fcrlich auch recht angenehm wenn M\u00e4dchen unter den Kollegen sind \ud83d\ude42<\/p>\n<p><strong>Bendel<\/strong>: Daneben bieten wir generell f\u00fcr Sch\u00fcler an, ein Betriebspraktikum bei uns zu machen. Hierzu muss man sich mindestens 6 Monate vor Beginn des Praktikums bewerben und sich im Idealfall schon im Vorfeld entschieden haben, ob eher der technische oder kaufm\u00e4nnische Bereich von Interesse ist.<\/p>\n<p>&nbsp;<\/p>","protected":false},"excerpt":{"rendered":"<p>Bereit seit 1914 bildet Ford schon Auszubildende aus. Bisher haben hier \u00fcber 14.ooo junge Menschen eine Ausbildung erfolgreich abgeschlossen. <\/p>\n","protected":false},"author":18,"featured_media":8902,"comment_status":"open","ping_status":"open","sticky":false,"template":"","format":"standard","meta":{"ngg_post_thumbnail":0},"categories":[1],"topic":[938],"jobgroup":[124,136],"city":[],"_links":{"self":[{"href":"https:\/\/www.azubister.de\/magazin\/wp-json\/wp\/v2\/posts\/5012"}],"collection":[{"href":"https:\/\/www.azubister.de\/magazin\/wp-json\/wp\/v2\/posts"}],"about":[{"href":"https:\/\/www.azubister.de\/magazin\/wp-json\/wp\/v2\/types\/post"}],"author":[{"embeddable":true,"href":"https:\/\/www.azubister.de\/magazin\/wp-json\/wp\/v2\/users\/18"}],"replies":[{"embeddable":true,"href":"https:\/\/www.azubister.de\/magazin\/wp-json\/wp\/v2\/comments?post=5012"}],"version-history":[{"count":32,"href":"https:\/\/www.azubister.de\/magazin\/wp-json\/wp\/v2\/posts\/5012\/revisions"}],"predecessor-version":[{"id":10820,"href":"https:\/\/www.azubister.de\/magazin\/wp-json\/wp\/v2\/posts\/5012\/revisions\/10820"}],"wp:featuredmedia":[{"embeddable":true,"href":"https:\/\/www.azubister.de\/magazin\/wp-json\/wp\/v2\/media\/8902"}],"wp:attachment":[{"href":"https:\/\/www.azubister.de\/magazin\/wp-json\/wp\/v2\/media?parent=5012"}],"wp:term":[{"taxonomy":"category","embeddable":true,"href":"https:\/\/www.azubister.de\/magazin\/wp-json\/wp\/v2\/categories?post=5012"},{"taxonomy":"topic","embeddable":true,"href":"https:\/\/www.azubister.de\/magazin\/wp-json\/wp\/v2\/topic?post=5012"},{"taxonomy":"jobgroup","embeddable":true,"href":"https:\/\/www.azubister.de\/magazin\/wp-json\/wp\/v2\/jobgroup?post=5012"},{"taxonomy":"city","embeddable":true,"href":"https:\/\/www.azubister.de\/magazin\/wp-json\/wp\/v2\/city?post=5012"}],"curies":[{"name":"wp","href":"https:\/\/api.w.org\/{rel}","templated":true}]}}