{"id":3803,"date":"2012-12-04T09:47:53","date_gmt":"2012-12-04T08:47:53","guid":{"rendered":"https:\/\/www.azubister.de\/magazin\/?p=3803"},"modified":"2023-03-28T11:37:08","modified_gmt":"2023-03-28T09:37:08","slug":"ausbildung-rewe-kaufleute","status":"publish","type":"post","link":"https:\/\/www.azubister.de\/magazin\/artikel\/ausbildung-rewe-kaufleute","title":{"rendered":"Interview: Gro\u00df- und Au\u00dfenhandelskaufleute &#8211; Die Profis f\u00fcr nationale und internationale M\u00e4rkte"},"content":{"rendered":"\n<figure class=\"wp-block-image size-large\"><img loading=\"lazy\" width=\"960\" height=\"640\" src=\"https:\/\/www.azubister.de\/magazin\/wp-content\/uploads\/2012\/12\/Rewe-Ausbildung-EDV-Unsplash-960x640.jpg\" alt=\"Frau mit orangefarbener Bluse steht im B\u00fcro\" class=\"wp-image-8843\" srcset=\"https:\/\/www.azubister.de\/magazin\/wp-content\/uploads\/2012\/12\/Rewe-Ausbildung-EDV-Unsplash-960x640.jpg 960w, https:\/\/www.azubister.de\/magazin\/wp-content\/uploads\/2012\/12\/Rewe-Ausbildung-EDV-Unsplash-300x200.jpg 300w, https:\/\/www.azubister.de\/magazin\/wp-content\/uploads\/2012\/12\/Rewe-Ausbildung-EDV-Unsplash-768x512.jpg 768w, https:\/\/www.azubister.de\/magazin\/wp-content\/uploads\/2012\/12\/Rewe-Ausbildung-EDV-Unsplash-95x63.jpg 95w, https:\/\/www.azubister.de\/magazin\/wp-content\/uploads\/2012\/12\/Rewe-Ausbildung-EDV-Unsplash-220x148.jpg 220w, https:\/\/www.azubister.de\/magazin\/wp-content\/uploads\/2012\/12\/Rewe-Ausbildung-EDV-Unsplash-490x327.jpg 490w, https:\/\/www.azubister.de\/magazin\/wp-content\/uploads\/2012\/12\/Rewe-Ausbildung-EDV-Unsplash-150x100.jpg 150w, https:\/\/www.azubister.de\/magazin\/wp-content\/uploads\/2012\/12\/Rewe-Ausbildung-EDV-Unsplash-216x144.jpg 216w, https:\/\/www.azubister.de\/magazin\/wp-content\/uploads\/2012\/12\/Rewe-Ausbildung-EDV-Unsplash-640x427.jpg 640w, https:\/\/www.azubister.de\/magazin\/wp-content\/uploads\/2012\/12\/Rewe-Ausbildung-EDV-Unsplash.jpg 1200w\" sizes=\"(max-width: 960px) 100vw, 960px\" \/><figcaption><em>Bist du interessiert an einer kaufm\u00e4nnischen Ausbildung? &#8211; Foto: unsplash.com<\/em><\/figcaption><\/figure>\n\n\n<p>Sie sind zust\u00e4ndig daf\u00fcr, dass Waren aller Art zur rechten Zeit am richtigen Ort sind &#8211; die Profis f\u00fcr nationale und internationale M\u00e4rkte: <a title=\"Ausbildung \" href=\"https:\/\/www.azubister.de\/nn\/181\/Ausbildung\/Kaufmann\/-frau-Gross-und-Aussenhandel\/Mitglieder\">Gro\u00df- und Au\u00dfenhandelskaufleute<\/a>.&nbsp;<a title=\"Transgourmet\" href=\"https:\/\/www.azubister.de\/betrieb\/ohg-rewe-foodservice-gmbh-co\">Transgourmet<\/a> bietet diese Ausbildung neben vielen anderen Ausbildungsberufen (unter anderem auch duale Studieng\u00e4nge) an. Nadine Staffa absolviert diese duale Ausbildung und hat <strong><span style=\"color: #00ccff;\">azubister<\/span><\/strong> im Interview \u00fcber ihre Aufgaben berichtet.<\/p>\n<p><!--more--><\/p>\n<h3>Teamf\u00e4higkeit ist Voraussetzung<\/h3>\n<p><span style=\"color: #00ccff;\"><strong>azubister<\/strong><\/span>: Warum hast du dich f\u00fcr diese Ausbildung entschieden?<\/p>\n<p><strong>Nadine<\/strong>: Ich habe mich f\u00fcr diese Ausbildung entschieden, weil es in dem Beruf im Gro\u00df- und Au\u00dfenhandel vielseitige interessante Arbeitsbereiche gibt, wo auch Teamf\u00e4higkeit gefragt ist. Au\u00dferdem arbeite ich sehr gerne selbstst\u00e4ndig am Computer und befasse mich oft mit den Microsoft-Office-Programmen.<\/p>\n<p><span style=\"color: #00ccff;\"><strong>azubister<\/strong><\/span>:&nbsp;Was hast du vor deiner Ausbildung gemacht?<\/p>\n<p><strong>Nadine<\/strong>:&nbsp;Bevor ich die Ausbildung bei Transgourmet begonnen habe, besuchte ich eine Wirtschaftsschule Fachrichtung Organisation und Office Management mit dem Abschluss der Fachhochschulreife. Danach machte ich ein <a href=\"https:\/\/www.azubister.de\/magazin\/artikel\/wehrdienst-oder-soziales-jahr\" title=\"Freiwilligendienst nach der Schule: FSJ, F\u00d6J und Wehrdienst einfach erkl\u00e4rt\">freiwilliges soziales Jahr<\/a>&nbsp;und anschlie\u00dfend absolvierte ich ein viermonatiges Praktikum im kaufm\u00e4nnischen Bereich.<\/p>\n<p><span style=\"color: #00ccff;\"><strong>azubister<\/strong><\/span>:&nbsp;Erz\u00e4hl doch von deinem Einstieg in die Ausbildung.<\/p>\n<p><strong>Nadine<\/strong>:&nbsp;Zu Beginn der Ausbildung hatten wir ein Einf\u00fchrungsseminar in Schmitten, mit allen neuen Auszubildenden aus den anderen Niederlassungen deutschlandweit. In diesen vier Tagen, wurden verschiedene interessante Themen, die unsere Ausbildung betrafen, besprochen.&nbsp;Die betriebliche Ausbildung findet im jeweiligen Betrieb (Mainz und Riedstadt) statt und ich werde dort verschiedene Abteilungen durchlaufen. Meine erste Abteilung war die Debitorenbuchhaltung. Den Ablauf einer T\u00e4tigkeit bekam ich immer erkl\u00e4rt und durfte diese selbstst\u00e4ndig bearbeiten. Falls ich Fragen hatte, standen die Kolleginnen und Kollegen mir gerne zur Verf\u00fcgung.&nbsp;W\u00f6chentlich schreibe ich mein Berichtsheft, in dem die ausgef\u00fchrten Arbeiten, sowie der Berufsschulunterricht und unser interner Unterricht eingetragen werden. In den jeweiligen Abteilungen wird das Berichtsheft abgezeichnet.<\/p>\n<h3>Eine gute Ausbildung \u00f6ffnet viele Karrierem\u00f6glichkeiten bei Transgourmet<\/h3>\n<p><span style=\"color: #00ccff;\"><strong>azubister<\/strong><\/span>:&nbsp;Wie wird der betriebliche Unterricht (interner Unterricht) gestaltet?<\/p>\n<p><strong>Nadine<\/strong>:&nbsp;Einmal im Monat treffen sich die Auszubildenden der Zentrale bei Transgourmet zu einem internen Unterricht in Riedstadt. Jedes Jahr werden neue Themen ausgesucht, die von uns Auszubildenden vorgeschlagen werden. Dieses Jahr haben wir uns f\u00fcr Pr\u00e4sentationen zu selbst ausgew\u00e4hlten Themen entschieden, die wir mit einem gemeinsamen Kochen passend zur jeweiligen Pr\u00e4sentation an dem Tag abschlie\u00dfen.<\/p>\n<p><span style=\"color: #00ccff;\"><strong>azubister<\/strong><\/span>:&nbsp;Wie oft findet der schulische Unterricht statt?<\/p>\n<p><strong>Nadine<\/strong>:&nbsp;Jeden Freitag und jeden zweiten Montag besuche ich den Berufsschulunterricht in Gro\u00df-Gerau. Dort bearbeiten wir berufsbezogen Themen, die uns im Betrieb n\u00fctzlich sind.<\/p>\n<p><span style=\"color: #00ccff;\"><strong>azubister<\/strong><\/span>:&nbsp;Wirst du auch an verschiedenen Standorten eingesetzt?<\/p>\n<p><strong>Nadine<\/strong>:&nbsp;Momentan bin ich in der Zentrale Mainz eingesetzt. Im n\u00e4chsten Jahr werde ich in Riedstadt weitere Abteilungen durchlaufen.<\/p>\n<p><span style=\"color: #00ccff;\"><strong> azubister<\/strong><\/span>:&nbsp;Wie soll es nach deiner Ausbildung weitergehen?<\/p>\n<p><strong>Nadine<\/strong>:&nbsp;Ich m\u00f6chte erstmal eine gute Ausbildung bei Transgourmet absolvieren und hoffe weiterhin in dem Unternehmen arbeiten zu d\u00fcrfen.<\/p>\n<p><span style=\"color: #00ccff;\"><strong>azubister<\/strong><\/span>:&nbsp;Was sollten Bewerber an Voraussetzungen mitbringen?<\/p>\n<p><strong>Nadine<\/strong>:&nbsp;Die Bewerber sollten flexibel sein, Team- und Kommunikationsf\u00e4higkeit besitzen, motiviert sein und EDV-Kenntnisse mitbringen.<\/p>","protected":false},"excerpt":{"rendered":"<p>Sie sind zust\u00e4ndig daf\u00fcr, dass Waren aller Art zur rechten Zeit am richtigen Ort sind &#8211; die Profis f\u00fcr nationale und internationale M\u00e4rkte: Gro\u00df- und Au\u00dfenhandelskaufleute. Nadine erz\u00e4hlt von ihrer Ausbildung bei Transgourmet.<\/p>\n","protected":false},"author":18,"featured_media":8843,"comment_status":"open","ping_status":"open","sticky":false,"template":"","format":"standard","meta":{"ngg_post_thumbnail":0},"categories":[1],"topic":[938],"jobgroup":[127,131],"city":[643,646],"_links":{"self":[{"href":"https:\/\/www.azubister.de\/magazin\/wp-json\/wp\/v2\/posts\/3803"}],"collection":[{"href":"https:\/\/www.azubister.de\/magazin\/wp-json\/wp\/v2\/posts"}],"about":[{"href":"https:\/\/www.azubister.de\/magazin\/wp-json\/wp\/v2\/types\/post"}],"author":[{"embeddable":true,"href":"https:\/\/www.azubister.de\/magazin\/wp-json\/wp\/v2\/users\/18"}],"replies":[{"embeddable":true,"href":"https:\/\/www.azubister.de\/magazin\/wp-json\/wp\/v2\/comments?post=3803"}],"version-history":[{"count":40,"href":"https:\/\/www.azubister.de\/magazin\/wp-json\/wp\/v2\/posts\/3803\/revisions"}],"predecessor-version":[{"id":11881,"href":"https:\/\/www.azubister.de\/magazin\/wp-json\/wp\/v2\/posts\/3803\/revisions\/11881"}],"wp:featuredmedia":[{"embeddable":true,"href":"https:\/\/www.azubister.de\/magazin\/wp-json\/wp\/v2\/media\/8843"}],"wp:attachment":[{"href":"https:\/\/www.azubister.de\/magazin\/wp-json\/wp\/v2\/media?parent=3803"}],"wp:term":[{"taxonomy":"category","embeddable":true,"href":"https:\/\/www.azubister.de\/magazin\/wp-json\/wp\/v2\/categories?post=3803"},{"taxonomy":"topic","embeddable":true,"href":"https:\/\/www.azubister.de\/magazin\/wp-json\/wp\/v2\/topic?post=3803"},{"taxonomy":"jobgroup","embeddable":true,"href":"https:\/\/www.azubister.de\/magazin\/wp-json\/wp\/v2\/jobgroup?post=3803"},{"taxonomy":"city","embeddable":true,"href":"https:\/\/www.azubister.de\/magazin\/wp-json\/wp\/v2\/city?post=3803"}],"curies":[{"name":"wp","href":"https:\/\/api.w.org\/{rel}","templated":true}]}}