{"id":3760,"date":"2012-11-16T10:47:45","date_gmt":"2012-11-16T09:47:45","guid":{"rendered":"https:\/\/www.azubister.de\/magazin\/?p=3760"},"modified":"2023-03-03T10:56:44","modified_gmt":"2023-03-03T09:56:44","slug":"ausbildung-friseur-interview-tanj","status":"publish","type":"post","link":"https:\/\/www.azubister.de\/magazin\/artikel\/ausbildung-friseur-interview-tanj","title":{"rendered":"Interview: Waschen, legen, schneiden &#8211; Ausbildung zum Friseur\/-in"},"content":{"rendered":"\n<figure class=\"wp-block-image size-large\"><img loading=\"lazy\" width=\"960\" height=\"641\" src=\"https:\/\/www.azubister.de\/magazin\/wp-content\/uploads\/2012\/11\/Friseur-Unsplash-960x641.jpg\" alt=\"3 Frauen halten Scheren und B\u00fcrsten\" class=\"wp-image-8827\" srcset=\"https:\/\/www.azubister.de\/magazin\/wp-content\/uploads\/2012\/11\/Friseur-Unsplash-960x641.jpg 960w, https:\/\/www.azubister.de\/magazin\/wp-content\/uploads\/2012\/11\/Friseur-Unsplash-300x200.jpg 300w, https:\/\/www.azubister.de\/magazin\/wp-content\/uploads\/2012\/11\/Friseur-Unsplash-768x513.jpg 768w, https:\/\/www.azubister.de\/magazin\/wp-content\/uploads\/2012\/11\/Friseur-Unsplash-95x63.jpg 95w, https:\/\/www.azubister.de\/magazin\/wp-content\/uploads\/2012\/11\/Friseur-Unsplash-220x148.jpg 220w, https:\/\/www.azubister.de\/magazin\/wp-content\/uploads\/2012\/11\/Friseur-Unsplash-490x327.jpg 490w, https:\/\/www.azubister.de\/magazin\/wp-content\/uploads\/2012\/11\/Friseur-Unsplash-150x100.jpg 150w, https:\/\/www.azubister.de\/magazin\/wp-content\/uploads\/2012\/11\/Friseur-Unsplash-216x144.jpg 216w, https:\/\/www.azubister.de\/magazin\/wp-content\/uploads\/2012\/11\/Friseur-Unsplash-640x427.jpg 640w, https:\/\/www.azubister.de\/magazin\/wp-content\/uploads\/2012\/11\/Friseur-Unsplash.jpg 1200w\" sizes=\"(max-width: 960px) 100vw, 960px\" \/><figcaption><em>Willst du auch die Ausbildung zur Friseurin starten? &#8211; Foto: unsplash.com<\/em><\/figcaption><\/figure>\n\n\n<p>Die <a title=\"Ausbildung Friseur\" href=\"https:\/\/www.azubister.de\/nn\/123\/Ausbildung\/Friseur\/-in\/Mitglieder\">Ausbildung zum Friseur<\/a>&nbsp;ist besonders bei M\u00e4dchen sehr beliebt. Hierbei m\u00fcssen Auszubildende viel lernen: neben dem eigentlichen Haareschneiden, m\u00fcssen Kunden beraten, Haare gef\u00e4rbt und gewaschen werden. Daneben m\u00fcssen Friseure auch immer mehr bei aktuellen Trends in der Mode Bescheid wissen und \u00fcbernehmen hier eine wichtige Beratungsfunktion. <strong><span style=\"color: #00ccff;\">azubister<\/span><\/strong> hat sich mit Tanja getroffen, die im K\u00f6lner Salon Gloria W\u00fcst eine Ausbildung zur Friseurin macht. Im Gespr\u00e4ch erz\u00e4hlt sie von ihrer Ausbildung.<!--more--><\/p>\n<h2>Die Ausbildungsplatzsuche war schwerer als gedacht<\/h2>\n<p><strong><span style=\"color: #00ccff;\">azubister<\/span><\/strong>: Warum hast du dich f\u00fcr die Ausbildung zur Friseurin entschieden?<\/p>\n<p><strong>Tanja<\/strong>: Bei mir hat die Begeisterung f\u00fcr diesen Beruf schon als Kind angefangen. Fand das immer interessant und hab an meiner Mutter schon fr\u00fch ge\u00fcbt :-). Nach meiner Mittleren Reife habe ich mich dann f\u00fcr die Ausbildung entschieden.<\/p>\n<p><span style=\"color: #00ccff;\"><strong>azubister<\/strong><\/span>: War es schwierig einen Ausbildungsplatz zu finden? Wie war das Vorstellungsgespr\u00e4ch?<\/p>\n<p><strong>Tanja<\/strong>: Ja. Ich habe an die hundert Bewerbungen geschrieben. Ich wurde dann zu mehreren Vorstellungsgespr\u00e4chen eingeladen, wobei ich da immer recht schnell gemerkt habe, ob der Betrieb auch passt. Auf engem Raum merkt man, ob die Stimmung gut oder schlecht ist. Bei meiner jetzigen Ausbilderin hat es gleich von Beginn an gestimmt. Ich durfte schon beim Vorstellungsgespr\u00e4ch mehr machen, als bei den anderen und wurde beispielsweise beim Haarewaschen eingesetzt. Der Betrieb war die richtige Wahl und ich f\u00fchle mich sehr wohl.<\/p>\n<p><span style=\"color: #00ccff;\"><strong>azubister<\/strong><\/span>: Welche Aufgaben kommen so im Alltag auf dich zu? Wie l\u00e4uft die Ausbildung ab?<\/p>\n<p><strong>Tanja<\/strong>: Die Ausbildung zur Friseurin ist eine dreij\u00e4hrige duale Ausbildung. Ich besuche neben meiner betrieblichen Ausbildung noch die&nbsp;<a href=\"https:\/\/www.azubister.de\/magazin\/artikel\/berufsschule\" title=\"Berufsschule \u2013 Der schulische Ausbildungsteil\">Berufsschule<\/a>. Im ersten Lehrjahr war ich einmal w\u00f6chentlich in der Schule, mittlerweile zweimal pro Woche. Im Betrieb ist es so, dass man langsam an die sp\u00e4tere T\u00e4tigkeit des Friseurs herangef\u00fchrt wird. Zu Beginn f\u00e4ngt man mit den Basics, wie Haarewaschen und F\u00e4rben an. Nebenbei werde ich von meiner Ausbilderin immer wieder zu ihren Kunden dazugeholt. Ich bin jetzt im zweiten Ausbildungsjahr und man bekommt schon immer mehr Verantwortung \u00fcbertragen.&nbsp;Mittlerweile habe ich meine &#8220;eigenen&#8221; Modelle&#8221;, hier muss auch schon mal mein Freund oder die beste Freundin herhalten, denen ich dann die Haare schneide. F\u00fcr Azubis ist es allerdings sehr schwer Modelle zu finden. Daneben finden von der Friseur-Innung-K\u00f6ln viele Angebote und Schulungen zu aktuellen Trends in der Mode statt, z.b. welche Haarfarbe diese Saison &#8220;in&#8221; ist.<\/p>\n<p><span style=\"color: #00ccff;\"><strong>azubister<\/strong><\/span>: Wie ist es in der Berufsschule? Was lernt ihr da? Wie gro\u00df ist deine Klasse?<\/p>\n<p><strong>Tanja<\/strong>: Zur Zeit haben wir sehr viel Chemie. Beispielsweise lernen wir die Abl\u00e4ufe, wie Haare bei einer Dauerwelle reagieren. Rechnungswesen oder \u00e4hnliches haben wir zur Zeit eher weniger. In meiner Klasse waren wir anfangs knapp 30 Azubis. Mittlerweile sind aber nur noch 7 \u00fcbrig geblieben. Der Schwund ist doch recht gro\u00df.<\/p>\n<h2>Kundenkontakt &#8211; Offenheit geh\u00f6rt dazu<\/h2>\n<p><span style=\"color: #00ccff;\"><strong>azubister<\/strong><\/span>: Wie ist der Umgang mit Kunden? Gibt es hier auch mal schwierige F\u00e4lle?<\/p>\n<p><strong>Tanja<\/strong>: Der Umgang mit Kunden macht Spa\u00df. Man muss schon ein offener Mensch sein f\u00fcr den Job. Schwierige F\u00e4lle hatte ich bis jetzt noch nicht. Alle Kunden waren bis jetzt sehr nett.<\/p>\n<p><span style=\"color: #00ccff;\"><strong>azubister<\/strong><\/span>: Was sollten angehende Azubis f\u00fcr die Ausbildung alles mitbringen?<\/p>\n<p><strong>Tanja<\/strong>: Junge Leute, die sich f\u00fcr den Job interessieren, sollten offen anderen Menschen gegen\u00fcber sein. Kundenkontakt ist das A und O in diesem Job. Daneben sollte man lange stehen k\u00f6nnen. Ich stehe von 9 Uhr morgens bis Feierabend &#8211; das muss man schon aushalten k\u00f6nnen. Auch sollte man begeisterungsf\u00e4hig sein, sich f\u00fcr Mode und aktuelle Trends interessieren sowie eine hohe Einsatzbereitschaft haben. Da wir zudem viel mit Chemie zu tun haben, sollte man frei von Allergien sein bzw. sich bewusst machen, dass man immer Handschuhe beim Haarewaschen oder -f\u00e4rben tragen sollte.<\/p>\n<p><span style=\"color: #00ccff;\"><strong>azubister<\/strong><\/span>: Wie geht\u00b4&#8217;s nach der Ausbildung weiter?<\/p>\n<p><strong>Tanja<\/strong>: Ich werde von meinem Betrieb \u00fcbernommen und freue mich dar\u00fcber sehr. Ob ich dann den Meister mache, oder eine Weiterbildung zur Maskenbildnerin oder Visagistin wei\u00df ich noch nicht. Die Arbeit als Friseurin macht mir aber sehr viel Freude.<\/p>\n<p>Dass Tanja der Job Spa\u00df macht, hat man im Gespr\u00e4ch gemerkt. Offen und begeistert hat sie mir von ihrem Job erz\u00e4hlt.<\/p>","protected":false},"excerpt":{"rendered":"<p>Der Friseurberuf ist besonders bei M\u00e4dchen sehr beliebt. Heute lernen Auszubildende aber nicht nur Haare schneiden oder f\u00e4rben, sondern sind zunehmend auch Berater in Mode und Style.<\/p>\n","protected":false},"author":18,"featured_media":8827,"comment_status":"open","ping_status":"open","sticky":false,"template":"","format":"standard","meta":{"ngg_post_thumbnail":0},"categories":[1],"topic":[938],"jobgroup":[136],"city":[],"_links":{"self":[{"href":"https:\/\/www.azubister.de\/magazin\/wp-json\/wp\/v2\/posts\/3760"}],"collection":[{"href":"https:\/\/www.azubister.de\/magazin\/wp-json\/wp\/v2\/posts"}],"about":[{"href":"https:\/\/www.azubister.de\/magazin\/wp-json\/wp\/v2\/types\/post"}],"author":[{"embeddable":true,"href":"https:\/\/www.azubister.de\/magazin\/wp-json\/wp\/v2\/users\/18"}],"replies":[{"embeddable":true,"href":"https:\/\/www.azubister.de\/magazin\/wp-json\/wp\/v2\/comments?post=3760"}],"version-history":[{"count":46,"href":"https:\/\/www.azubister.de\/magazin\/wp-json\/wp\/v2\/posts\/3760\/revisions"}],"predecessor-version":[{"id":11883,"href":"https:\/\/www.azubister.de\/magazin\/wp-json\/wp\/v2\/posts\/3760\/revisions\/11883"}],"wp:featuredmedia":[{"embeddable":true,"href":"https:\/\/www.azubister.de\/magazin\/wp-json\/wp\/v2\/media\/8827"}],"wp:attachment":[{"href":"https:\/\/www.azubister.de\/magazin\/wp-json\/wp\/v2\/media?parent=3760"}],"wp:term":[{"taxonomy":"category","embeddable":true,"href":"https:\/\/www.azubister.de\/magazin\/wp-json\/wp\/v2\/categories?post=3760"},{"taxonomy":"topic","embeddable":true,"href":"https:\/\/www.azubister.de\/magazin\/wp-json\/wp\/v2\/topic?post=3760"},{"taxonomy":"jobgroup","embeddable":true,"href":"https:\/\/www.azubister.de\/magazin\/wp-json\/wp\/v2\/jobgroup?post=3760"},{"taxonomy":"city","embeddable":true,"href":"https:\/\/www.azubister.de\/magazin\/wp-json\/wp\/v2\/city?post=3760"}],"curies":[{"name":"wp","href":"https:\/\/api.w.org\/{rel}","templated":true}]}}