{"id":3561,"date":"2012-11-07T13:38:21","date_gmt":"2012-11-07T12:38:21","guid":{"rendered":"https:\/\/www.azubister.de\/magazin\/?p=3561"},"modified":"2023-01-02T15:01:39","modified_gmt":"2023-01-02T14:01:39","slug":"bestattungsfachkraft-ausbildung-kuckelkorn","status":"publish","type":"post","link":"https:\/\/www.azubister.de\/magazin\/artikel\/bestattungsfachkraft-ausbildung-kuckelkorn","title":{"rendered":"Interview: Azubis zur Bestattungsfachkraft haben den Tod als st\u00e4ndigen Begleiter"},"content":{"rendered":"\n<figure class=\"wp-block-image size-large\"><img loading=\"lazy\" width=\"960\" height=\"640\" src=\"https:\/\/www.azubister.de\/magazin\/wp-content\/uploads\/2012\/11\/Bestattung-Unsplash-960x640.jpg\" alt=\"Sarg in Leichenwagen\" class=\"wp-image-8818\" srcset=\"https:\/\/www.azubister.de\/magazin\/wp-content\/uploads\/2012\/11\/Bestattung-Unsplash-960x640.jpg 960w, https:\/\/www.azubister.de\/magazin\/wp-content\/uploads\/2012\/11\/Bestattung-Unsplash-300x200.jpg 300w, https:\/\/www.azubister.de\/magazin\/wp-content\/uploads\/2012\/11\/Bestattung-Unsplash-768x512.jpg 768w, https:\/\/www.azubister.de\/magazin\/wp-content\/uploads\/2012\/11\/Bestattung-Unsplash-95x63.jpg 95w, https:\/\/www.azubister.de\/magazin\/wp-content\/uploads\/2012\/11\/Bestattung-Unsplash-220x148.jpg 220w, https:\/\/www.azubister.de\/magazin\/wp-content\/uploads\/2012\/11\/Bestattung-Unsplash-490x327.jpg 490w, https:\/\/www.azubister.de\/magazin\/wp-content\/uploads\/2012\/11\/Bestattung-Unsplash-150x100.jpg 150w, https:\/\/www.azubister.de\/magazin\/wp-content\/uploads\/2012\/11\/Bestattung-Unsplash-216x144.jpg 216w, https:\/\/www.azubister.de\/magazin\/wp-content\/uploads\/2012\/11\/Bestattung-Unsplash-640x427.jpg 640w, https:\/\/www.azubister.de\/magazin\/wp-content\/uploads\/2012\/11\/Bestattung-Unsplash.jpg 1200w\" sizes=\"(max-width: 960px) 100vw, 960px\" \/><figcaption><em>Die Ausbildung zur Bestattungsfachkraft &#8211; Foto: unsplash.com<\/em><\/figcaption><\/figure>\n\n\n<p>Die Ausbildung zur <a title=\"Ausbildung Bestattungsfachkraft\" href=\"https:\/\/www.azubister.de\/nn\/23\/Ausbildung\/Bestattungsfachkraft\/Mitglieder\">Bestattungsfachkraft<\/a> ist noch eine eher &#8220;junge&#8221; Berufsausbildung &#8211; gibt es diese erst seit 10 Jahren. Der Tod spielt hier eine zentrale Rolle. Bestattungsfachkr\u00e4fte erbringen im Rahmen eines Todesfalles umfassende Dienstleistungen. Angefangen von der Beratung sowie Betreuung von Hinterbliebenen, der \u00dcberf\u00fchrung und Versorgung von Verstorbenen bis hin zur Bestattung selbst- das Aufgabenfeld ist gro\u00df. <span style=\"color: #00ccff;\"><strong>azubister<\/strong><\/span> hat sich mit dem K\u00f6lner Bestatter Christoph Kuckelkorn und seiner Auszubildenden Selina Wallersheim \u00fcber diesen Ausbildungsberuf unterhalten.<!--more--><\/p>\n<p><span style=\"color: #00ccff;\"><strong>azubister<\/strong><\/span>: Welche Voraussetzungen sollten angehende Azubis zur Bestattungsfachkraft mitbringen?<\/p>\n<p><strong>Kuckelkorn<\/strong>: Kaum einer wei\u00df, dass man bei einem Bestattungsunternehmen eine Ausbildung machen kann. Als Anforderung setzte ich voraus, dass die Person 18 Jahre alt ist, da man schon mit vielen besonderen Situationen umgehen muss, die eine gewisse Reife verlangen. Ansonsten ist wichtig, dass der&nbsp;Bewerber einfach passt. Schulnoten sind hierbei erst einmal zweitrangig &#8211; ich brauche gefestigte, ernsthafte und einf\u00fchlsame Pers\u00f6nlichkeiten. Da man mit Randbereichen des Lebens in Kontakt kommt, braucht man eine gewisse St\u00e4rke.&nbsp;Deswegen mache ich mit jedem Bewerber vor Beginn der Ausbildung eine Probewoche.<\/p>\n<p><span style=\"color: #00ccff;\"><strong>azubister<\/strong><\/span>: Warum hast du dich f\u00fcr den Ausbildungsberuf entschieden?<\/p>\n<p><strong>Selina<\/strong>: Ich habe vor der Ausbildung schon in einem Seniorenheim gearbeitet. Da habe ich den ersten Kontakt zum Umgang mit Sterbef\u00e4llen bekommen. Das fand ich spannend und vor allem sehr ergreifend. Dadurch ist die Idee entstanden in den Bestatter-Beruf reinzuschnuppern und ich habe hier ein Praktikum gemacht. Anschlie\u00dfend habe ich mich f\u00fcr die Ausbildung entschieden. Nach meinem Realschulabschluss war die Entscheidung f\u00fcr eine duale Ausbildung&nbsp;genau das Richtige.<\/p>\n<!-- index.php -->\n<div\n\tclass=\"ngg-galleryoverview ngg-ajax-pagination-none\"\n\tid=\"ngg-gallery-6dddd4031d14ba8fb1061b232ab2b9e3-1\">\n\n    \t\t<!-- Thumbnails -->\n\t\t\t\t<div id=\"ngg-image-0\" class=\"ngg-gallery-thumbnail-box\" >\n\t\t\t\t        <div class=\"ngg-gallery-thumbnail\">\n            <a href=\"https:\/\/www.azubister.de\/magazin\/wp-content\/gallery\/bestattungsfachkraft\/istock_000017249937medium.jpg\"\n               title=\"\u00a9 Unternehmen Kuckelkorn - Von der Beratung bei der Wahl eines Sarges bis hin zur Durchf\u00fchrungen und Organisation der Trauerfreier - Das sind Aufgaben der Bestattungsfachkraft\"\n               data-src=\"https:\/\/www.azubister.de\/magazin\/wp-content\/gallery\/bestattungsfachkraft\/istock_000017249937medium.jpg\"\n               data-thumbnail=\"https:\/\/www.azubister.de\/magazin\/wp-content\/gallery\/bestattungsfachkraft\/thumbs\/thumbs_istock_000017249937medium.jpg\"\n               data-image-id=\"134\"\n               data-title=\"Azubis zur Bestattungsfachkraft wirken auch bei Beerdigungen mit\"\n               data-description=\"\u00a9 Unternehmen Kuckelkorn - Von der Beratung bei der Wahl eines Sarges bis hin zur Durchf\u00fchrungen und Organisation der Trauerfreier - Das sind Aufgaben der Bestattungsfachkraft\"\n               data-image-slug=\"azubis-zur-bestattungsfachkraft-wirken-auch-bei-beerdigungen-mit\"\n               class=\"ngg-fancybox\" rel=\"6dddd4031d14ba8fb1061b232ab2b9e3\">\n                <img\n                    title=\"Azubis zur Bestattungsfachkraft wirken auch bei Beerdigungen mit\"\n                    alt=\"Azubis zur Bestattungsfachkraft wirken auch bei Beerdigungen mit\"\n                    src=\"https:\/\/www.azubister.de\/magazin\/wp-content\/gallery\/bestattungsfachkraft\/thumbs\/thumbs_istock_000017249937medium.jpg\"\n                    width=\"185\"\n                    height=\"92\"\n                    style=\"max-width:100%;\"\n                \/>\n            <\/a>\n        <\/div>\n\t\t\t\t\t\t\t<\/div> \n\t\t\t\n        \n\t\t\t\t<div id=\"ngg-image-1\" class=\"ngg-gallery-thumbnail-box\" >\n\t\t\t\t        <div class=\"ngg-gallery-thumbnail\">\n            <a href=\"https:\/\/www.azubister.de\/magazin\/wp-content\/gallery\/bestattungsfachkraft\/istock_000021782953medium.jpg\"\n               title=\"\u00a9 Unternehmen Kuckelkorn - Bestatter k\u00fcmmern sich auch um die Dekoration bei Beerdigungen\"\n               data-src=\"https:\/\/www.azubister.de\/magazin\/wp-content\/gallery\/bestattungsfachkraft\/istock_000021782953medium.jpg\"\n               data-thumbnail=\"https:\/\/www.azubister.de\/magazin\/wp-content\/gallery\/bestattungsfachkraft\/thumbs\/thumbs_istock_000021782953medium.jpg\"\n               data-image-id=\"135\"\n               data-title=\"Bestatter k\u00fcmmern sich auch um die Dekoration bei Beerdigungen\"\n               data-description=\"\u00a9 Unternehmen Kuckelkorn - Bestatter k\u00fcmmern sich auch um die Dekoration bei Beerdigungen\"\n               data-image-slug=\"bestatter-kummern-sich-auch-um-die-dekoration-bei-beerdigungen\"\n               class=\"ngg-fancybox\" rel=\"6dddd4031d14ba8fb1061b232ab2b9e3\">\n                <img\n                    title=\"Bestatter k\u00fcmmern sich auch um die Dekoration bei Beerdigungen\"\n                    alt=\"Bestatter k\u00fcmmern sich auch um die Dekoration bei Beerdigungen\"\n                    src=\"https:\/\/www.azubister.de\/magazin\/wp-content\/gallery\/bestattungsfachkraft\/thumbs\/thumbs_istock_000021782953medium.jpg\"\n                    width=\"185\"\n                    height=\"92\"\n                    style=\"max-width:100%;\"\n                \/>\n            <\/a>\n        <\/div>\n\t\t\t\t\t\t\t<\/div> \n\t\t\t\n        \n\t\t\n\t\t<!-- Pagination -->\n\t<div class='ngg-clear'><\/div>\t<\/div>\n\n<p><span style=\"color: #00ccff;\"><strong>azubister<\/strong><\/span>: Welche Aufgaben m\u00fcssen in der Ausbildung \u00fcbernommen werden?<\/p>\n<p><strong>Selina<\/strong>: Es finden schon recht viele Abholungen von Verstorbenen, zum Beispiel aus Altenheimen, statt. Dann nat\u00fcrlich die Versorgung und fast t\u00e4glich eine Beerdigung. Der Beruf ist sehr abwechslungsreich. Wir haben technische Aufgaben wie auch B\u00fcrot\u00e4tigkeiten. Wir m\u00fcssen viele b\u00fcrokratische Aufgaben \u00fcbernehmen. So regeln wir alles beim Standesamt, k\u00fcmmern uns um Abmeldungen und Sterbeurkunden. Wir \u00fcbernehmen den Schriftwechsel mit Versicherungen und nehmen hier den Angeh\u00f6rigen einfach viel Arbeit ab.<\/p>\n<p><strong>Kuckelkorn<\/strong>: Bei der Vorbereitung einer Beerdingung sind wir zust\u00e4ndig f\u00fcr die Dekoration sowie Organisation. Kr\u00e4nze m\u00fcssen aufgestellt und die Grabstellen dekoriert werden. Hier muss man auch ein wenig kreativ sein und &#8220;Auge&#8221; haben. Was die Wenigsten wissen ist, dass man in der Ausbildung den Umgang mit Toten fremder Kulturen und Religionen lernt. Wir m\u00fcssen nicht nur Christen beerdigen, sondern auch Muslime, Buddhisten oder Hindus.&nbsp;Im ersten Jahr der Ausbildung lernt man eher den technischen Bereich, wie eben Abholung oder Versorgung von Verstorbenen. Das ist die Basis. Sp\u00e4ter kommt dann die B\u00fcroarbeit dazu. Die konkrete Beratung und Begleitung von Angeh\u00f6rigen kommt am Ende der Ausbildung, da man hier schon eine fundierte Basis braucht.&nbsp;Wenn man unseren Beruf umschreibt, kann man sagen, dass wir eine Art Eventmanager sind. Wie bei einer Hochzeit k\u00fcmmern wir uns um den Ablauf einer Veranstaltung. Der Unterschied sind nat\u00fcrlich die emotionalen Vorzeichen, dennoch muss auch hier viel organisiert werden. Wir k\u00fcmmern uns um Essen, um Trinken und um Musik. Wir schreiben Einladungskarten, setzten Zeitungsanzeigen und organisieren Dekorationsartikel.<\/p>\n<p><span style=\"color: #00ccff;\"><strong>azubister<\/strong><\/span>: Wie k\u00f6nnen wir uns eine Versorgung eines Verstorbenen vorstellen?<\/p>\n<p><strong>Selina<\/strong>: In einer Versorgung wird der Verstorbene f\u00fcr die Abschiedsnahme vorbereitet. Typische Aufgaben sind hier die Waschung und kosmetische Aufbereitung (zum Beispiel das Schminken) des Verstorbenen.<\/p>\n<p><span style=\"color: #00ccff;\"><strong>azbister<\/strong><\/span>: Was bringt dir besonders Freude am Beruf?<\/p>\n<p><strong>Selina<\/strong>: Besonders sch\u00f6n finde ich die Beerdigung. Hier sieht man, dass man f\u00fcr die Trauergemeinschaft einen Raum geschaffen hat, in welchem diese w\u00fcrdig Abschied nehmen kann. Auch die Versorgung selbst von Verstorbenen find ich interessant: man sieht hier, was man geschaffen hat und wei\u00df, dass man nun auch f\u00fcr die Angeh\u00f6rigen eine wichtige Aufgabe \u00fcbernommen hat. Ich kann sagen, dass der Beruf mir sehr gut gef\u00e4llt und mich erf\u00fcllt. Und wenn Angeh\u00f6rige eines Verstorbenen dankbar f\u00fcr die geleistete Arbeit sind, ist das eine gro\u00dfe Best\u00e4tigung.<\/p>\n<p><span style=\"color: #00ccff;\"><strong>azubister<\/strong><\/span>: Ist der Beruf auch belastend?<\/p>\n<p><strong>Selina<\/strong>: Beerdigungen k\u00f6nnen schon sehr mitrei\u00dfend sein. Aber man hat schon eine gewisse Professionalit\u00e4t. Ein Arzt hat ja beispielsweise auch belastende Aufgaben, muss diese aber mit Abstand durchf\u00fchren um gute Arbeit leisten zu k\u00f6nnen. Bei uns ist das denke ich sehr \u00e4hnlich.<\/p>\n<p><span style=\"color: #00ccff;\"><strong>azubister<\/strong><\/span>: Wie ist das in der&nbsp;<a href=\"https:\/\/www.azubister.de\/magazin\/artikel\/berufsschule\" title=\"Berufsschule \u2013 Der schulische Ausbildungsteil\">Berufsschule<\/a>? Ist man hier &#8220;Sonderling&#8221;?<\/p>\n<p><strong>Selina<\/strong>: Ich gehe 2 mal pro Woche in die Berufsschule, wobei ich mit B\u00fcrokaufleuten die gleiche Klasse besuche. Man wird hier schon recht viel gefragt \u00fcber den Ausbildungsberuf, aber eine Stellung als Sonderling habe ich da nicht.<\/p>\n<p>Das Unternehmen Kuckelkorn gibt es 1885 in K\u00f6ln. Christoph Kuckelkorn ist Inhaber und f\u00fchrt das Unternehmen in der 5ten Generation. Das Unternehmen hat im K\u00f6lner Raum mehrere Standorte und ist ein traditionsreiches Familienunternehmen.<\/p>","protected":false},"excerpt":{"rendered":"<p>Die Ausbildung zur Bestattungsfachkraft ist noch eine eher &#8220;junge&#8221; Berufsausbildung, gibt es diese erst seit 10 Jahren. Der Tod spielt hier eine zentrale Rolle. Selina und Christoph Kuckelkorn erz\u00e4hlen \u00fcber die Ausbildung.<\/p>\n","protected":false},"author":18,"featured_media":8818,"comment_status":"open","ping_status":"open","sticky":false,"template":"","format":"standard","meta":{"ngg_post_thumbnail":0},"categories":[1],"topic":[938],"jobgroup":[134],"city":[],"_links":{"self":[{"href":"https:\/\/www.azubister.de\/magazin\/wp-json\/wp\/v2\/posts\/3561"}],"collection":[{"href":"https:\/\/www.azubister.de\/magazin\/wp-json\/wp\/v2\/posts"}],"about":[{"href":"https:\/\/www.azubister.de\/magazin\/wp-json\/wp\/v2\/types\/post"}],"author":[{"embeddable":true,"href":"https:\/\/www.azubister.de\/magazin\/wp-json\/wp\/v2\/users\/18"}],"replies":[{"embeddable":true,"href":"https:\/\/www.azubister.de\/magazin\/wp-json\/wp\/v2\/comments?post=3561"}],"version-history":[{"count":35,"href":"https:\/\/www.azubister.de\/magazin\/wp-json\/wp\/v2\/posts\/3561\/revisions"}],"predecessor-version":[{"id":10759,"href":"https:\/\/www.azubister.de\/magazin\/wp-json\/wp\/v2\/posts\/3561\/revisions\/10759"}],"wp:featuredmedia":[{"embeddable":true,"href":"https:\/\/www.azubister.de\/magazin\/wp-json\/wp\/v2\/media\/8818"}],"wp:attachment":[{"href":"https:\/\/www.azubister.de\/magazin\/wp-json\/wp\/v2\/media?parent=3561"}],"wp:term":[{"taxonomy":"category","embeddable":true,"href":"https:\/\/www.azubister.de\/magazin\/wp-json\/wp\/v2\/categories?post=3561"},{"taxonomy":"topic","embeddable":true,"href":"https:\/\/www.azubister.de\/magazin\/wp-json\/wp\/v2\/topic?post=3561"},{"taxonomy":"jobgroup","embeddable":true,"href":"https:\/\/www.azubister.de\/magazin\/wp-json\/wp\/v2\/jobgroup?post=3561"},{"taxonomy":"city","embeddable":true,"href":"https:\/\/www.azubister.de\/magazin\/wp-json\/wp\/v2\/city?post=3561"}],"curies":[{"name":"wp","href":"https:\/\/api.w.org\/{rel}","templated":true}]}}