{"id":1741,"date":"2012-07-25T17:32:29","date_gmt":"2012-07-25T15:32:29","guid":{"rendered":"https:\/\/www.azubister.de\/magazin\/?p=1741"},"modified":"2022-12-23T09:48:59","modified_gmt":"2022-12-23T08:48:59","slug":"interview-gaertner-ina","status":"publish","type":"post","link":"https:\/\/www.azubister.de\/magazin\/artikel\/interview-gaertner-ina","title":{"rendered":"Interview G\u00e4rtner\/-in \u2013 Ab durch die Hecke?"},"content":{"rendered":"\n<figure class=\"wp-block-image size-large\"><img loading=\"lazy\" width=\"960\" height=\"640\" src=\"https:\/\/www.azubister.de\/magazin\/wp-content\/uploads\/2012\/07\/Interview-Ga\u0308rtner-960x640.jpg\" alt=\"Interview Ga\u0308rtner\" class=\"wp-image-9619\" srcset=\"https:\/\/www.azubister.de\/magazin\/wp-content\/uploads\/2012\/07\/Interview-Ga\u0308rtner-960x640.jpg 960w, https:\/\/www.azubister.de\/magazin\/wp-content\/uploads\/2012\/07\/Interview-Ga\u0308rtner-300x200.jpg 300w, https:\/\/www.azubister.de\/magazin\/wp-content\/uploads\/2012\/07\/Interview-Ga\u0308rtner-768x512.jpg 768w, https:\/\/www.azubister.de\/magazin\/wp-content\/uploads\/2012\/07\/Interview-Ga\u0308rtner-95x63.jpg 95w, https:\/\/www.azubister.de\/magazin\/wp-content\/uploads\/2012\/07\/Interview-Ga\u0308rtner-1536x1024.jpg 1536w, https:\/\/www.azubister.de\/magazin\/wp-content\/uploads\/2012\/07\/Interview-Ga\u0308rtner-220x148.jpg 220w, https:\/\/www.azubister.de\/magazin\/wp-content\/uploads\/2012\/07\/Interview-Ga\u0308rtner-490x327.jpg 490w, https:\/\/www.azubister.de\/magazin\/wp-content\/uploads\/2012\/07\/Interview-Ga\u0308rtner-150x100.jpg 150w, https:\/\/www.azubister.de\/magazin\/wp-content\/uploads\/2012\/07\/Interview-Ga\u0308rtner-216x144.jpg 216w, https:\/\/www.azubister.de\/magazin\/wp-content\/uploads\/2012\/07\/Interview-Ga\u0308rtner-640x427.jpg 640w, https:\/\/www.azubister.de\/magazin\/wp-content\/uploads\/2012\/07\/Interview-Ga\u0308rtner-1219x813.jpg 1219w, https:\/\/www.azubister.de\/magazin\/wp-content\/uploads\/2012\/07\/Interview-Ga\u0308rtner.jpg 1600w\" sizes=\"(max-width: 960px) 100vw, 960px\" \/><figcaption><em>Foto von Greta Hoffman von Pexels<\/em><\/figcaption><\/figure>\n\n\n<p>In der Berufsbranche Natur und Umwelt geht es vorrangig um Tiere und Pflanzen, um W\u00e4lder und Seen. Der Beruf&nbsp; erfordert Kraft, Ausdauer und Naturverbundenheit, ein technischen Grundverst\u00e4ndnis f\u00fcr Maschinen der Landwirtschaft und die Bereitschaft zum selbstst\u00e4ndigen Arbeiten.<\/p>\n<p>Ina hat ihre Ausbildung als <a title=\"Ausbildung G\u00e4rtner\" href=\"https:\/\/www.azubister.de\/nn\/124\/Ausbildung\/Gaertner\/-in\/Mitglieder\">G\u00e4rtnerin<\/a> abgeschlossen. Fragen bez\u00fcglich ihrer Ausbildung hat sie uns hier beantwortet.<!--more--><\/p>\n<p><strong><span style=\"color: #00ccff;\">azubister:<\/span><\/strong> Wann musstest du morgens aufstehen?<\/p>\n<p><strong>Ina:<\/strong> Im Sommer musste ich um halb 6 und im Winter um halb 7 aufstehen.<\/p>\n<p><strong><span style=\"color: #00ccff;\">azubister:<\/span><\/strong> War es einfach eine Ausbildung zu finden?<\/p>\n<p><strong>Ina:<\/strong> F\u00fcr mich ja. Habe eine Bewerbung geschrieben, denn es gibt in meiner N\u00e4he sehr viele G\u00e4rtnereien. Ich habe vorher ein Jahr Floristik gelernt und hatte schon ein wenig Erfahrung mit Pflanzen gesammelt.<\/p>\n<p><span style=\"color: #00ccff;\"><strong>azubister:<\/strong> <\/span>Welchen Schulabschluss hast du? Wie w\u00fcrdest du deinen Abschluss (nach Noten) einstufen?<\/p>\n<p><strong>Ina:<\/strong> Realschulabschluss und sehr gute Noten. Aber wenn man G\u00e4rtner lernen will, z\u00e4hlen nicht unbedingt die Noten, sondern der Ehrgeiz was zu wollen und zu schaffen.<\/p>\n<p><span style=\"color: #00ccff;\"><strong>azubister:<\/strong><\/span> Hast du vor deiner Ausbildung ein Praktikum gemacht?<\/p>\n<p><span style=\"color: #000000;\"><strong>Ina:<\/strong> <\/span>Ja musste ich, sonst h\u00e4tte ich die Ausbildung nicht bekommen.<\/p>\n<p><span style=\"color: #00ccff;\"><strong>azubister:<\/strong><\/span> Wie bist du auf die Ausbildung gekommen, was war der Anlass f\u00fcr deine Berufswahl?<\/p>\n<p><strong>Ina:<\/strong> Durch das eine Jahr <a title=\"Ausbildung Floristin\" href=\"https:\/\/www.azubister.de\/nn\/116\/Ausbildung\/Florist\/-in\/Mitglieder\">Ausbildung zur Floristin<\/a>. Anlass war der Umgang mit Pflanzen&nbsp; und mit etwas lebendigem zu tun zu haben.<\/p>\n<p><span style=\"color: #00ccff;\"><strong>azubister:<\/strong><\/span>&nbsp;Hast du in einen gro\u00dfen Betrieb oder einem kleinen gelernt?<\/p>\n<p><span style=\"color: #000000;\"><strong>Ina:<\/strong><\/span> Ich habe in einer gro\u00dfen G\u00e4rtnerei gelernt. Die G\u00e4rtnerei ist sehr gro\u00df und bekannt in der Gegend.<\/p>\n<p><span style=\"color: #00ccff;\"><strong>azubister:<\/strong><\/span> Was magst du besonders an deiner Ausbildung?<\/p>\n<p><strong>Ina:<\/strong> Der Kontakt mit Pflanzen, wie alles entsteht und w\u00e4chst &#8211; von der Jungpflanze bis zum gro\u00dfen Busch.<\/p>\n<p><strong><span style=\"color: #00ccff;\">azubister:<\/span> <\/strong>Was macht dir weniger Spass in der Ausbildung?<\/p>\n<p><strong>Ina:<\/strong> Das fr\u00fche Aufstehen fand ich nicht sch\u00f6n und im Sommer die hei\u00dfen Temperaturen im Gew\u00e4chshaus. 40\u00b0C sind im Sommer nichts ungew\u00f6hnliches. Au\u00dferdem musste ich viel laufen, weil die G\u00e4rtnerei sehr gro\u00df war.<\/p>\n<p><span style=\"color: #00ccff;\"><strong>azubister:<\/strong><\/span> Welche 3 Talente \/ F\u00e4higkeiten sollte ein Azubi f\u00fcr eine Ausbildung als G\u00e4rtner\/-in mitbringen?<\/p>\n<p><strong>Ina: <\/strong>Ausdauer, P\u00fcnklichkeit, bisschen Talent die botanischen Namen zu lernen<\/p>\n<p><strong><span style=\"color: #00ccff;\">azubister:<\/span> <\/strong>W\u00fcrdest du die Ausbildung nochmal machen?<\/p>\n<p><strong>Ina:<\/strong> Ja, aber Gott sei Dank bin ich fertig. War nicht immer einfach, hat aber oft viel Spa\u00df gemacht.<\/p>","protected":false},"excerpt":{"rendered":"<p>Ina hat eine Ausbildung in einer G\u00e4rtnerin gemacht. Fragen zu den erforderlichen Qualifikationen, ihrem Alltag und \u00c4hnliches hat sie im Interview beantwortet.<\/p>\n","protected":false},"author":18,"featured_media":9619,"comment_status":"open","ping_status":"open","sticky":false,"template":"","format":"standard","meta":{"ngg_post_thumbnail":0},"categories":[1],"topic":[938],"jobgroup":[135],"city":[],"_links":{"self":[{"href":"https:\/\/www.azubister.de\/magazin\/wp-json\/wp\/v2\/posts\/1741"}],"collection":[{"href":"https:\/\/www.azubister.de\/magazin\/wp-json\/wp\/v2\/posts"}],"about":[{"href":"https:\/\/www.azubister.de\/magazin\/wp-json\/wp\/v2\/types\/post"}],"author":[{"embeddable":true,"href":"https:\/\/www.azubister.de\/magazin\/wp-json\/wp\/v2\/users\/18"}],"replies":[{"embeddable":true,"href":"https:\/\/www.azubister.de\/magazin\/wp-json\/wp\/v2\/comments?post=1741"}],"version-history":[{"count":27,"href":"https:\/\/www.azubister.de\/magazin\/wp-json\/wp\/v2\/posts\/1741\/revisions"}],"predecessor-version":[{"id":11040,"href":"https:\/\/www.azubister.de\/magazin\/wp-json\/wp\/v2\/posts\/1741\/revisions\/11040"}],"wp:featuredmedia":[{"embeddable":true,"href":"https:\/\/www.azubister.de\/magazin\/wp-json\/wp\/v2\/media\/9619"}],"wp:attachment":[{"href":"https:\/\/www.azubister.de\/magazin\/wp-json\/wp\/v2\/media?parent=1741"}],"wp:term":[{"taxonomy":"category","embeddable":true,"href":"https:\/\/www.azubister.de\/magazin\/wp-json\/wp\/v2\/categories?post=1741"},{"taxonomy":"topic","embeddable":true,"href":"https:\/\/www.azubister.de\/magazin\/wp-json\/wp\/v2\/topic?post=1741"},{"taxonomy":"jobgroup","embeddable":true,"href":"https:\/\/www.azubister.de\/magazin\/wp-json\/wp\/v2\/jobgroup?post=1741"},{"taxonomy":"city","embeddable":true,"href":"https:\/\/www.azubister.de\/magazin\/wp-json\/wp\/v2\/city?post=1741"}],"curies":[{"name":"wp","href":"https:\/\/api.w.org\/{rel}","templated":true}]}}